{"id":23889,"date":"2024-03-25T11:03:08","date_gmt":"2024-03-25T14:03:08","guid":{"rendered":"https:\/\/acrj.org.br\/?p=23889"},"modified":"2024-04-08T20:07:08","modified_gmt":"2024-04-08T23:07:08","slug":"conselho-de-logistica-vai-propor-encontro-com-autoridades-publicas-para-debater-a-seguranca-no-rio","status":"publish","type":"post","link":"https:\/\/acrj.org.br\/index.php\/2024\/03\/25\/conselho-de-logistica-vai-propor-encontro-com-autoridades-publicas-para-debater-a-seguranca-no-rio\/","title":{"rendered":"Conselho de Log\u00edstica e Transporte realiza reuni\u00e3o ordin\u00e1ria"},"content":{"rendered":"\n<p>Na quinta-feira, 21\/03\/2024, o Conselho Empresarial de Log\u00edstica e Transporte da Associa\u00e7\u00e3o Comercial do Rio de Janeiro &#8211; ACRJ realizou reuni\u00e3o ordin\u00e1ria, presidida pelo vice-presidente Delmo Pinho, por motivo de viagem do presidente Eduardo Rebuzzi, com a seguinte pauta:<\/p>\n\n\n\n<p>1- Atualiza\u00e7\u00e3o de informa\u00e7\u00f5es sobre opera\u00e7\u00e3o na Av. Brasil a partir do funcionamento BRT Transbrasil, sem restri\u00e7\u00f5es ao tr\u00e1fego de caminh\u00f5es;<\/p>\n\n\n\n<p>2- Considerando ter havido resposta positiva para reuni\u00e3o\/ almo\u00e7o com o Ministro Silvio Costa &#8211; Portos e Aeroportos, o Conselho dever\u00e1 detalhar obras, melhorias e iniciativas que ser\u00e3o apresentadas e solicitadas ao Minist\u00e9rio;<\/p>\n\n\n\n<p>3- Montar roteiro e minuta de Plano de A\u00e7\u00e3o para encaminhar as discuss\u00f5es, debates e propositura relativas \u00e0 quest\u00e3o da Seguran\u00e7a P\u00fablica e \u00e0 falta de Ordem no Rio de Janeiro;<\/p>\n\n\n\n<p>4- Assuntos diversos.<\/p>\n\n\n\n<p>Dentre os diversos assuntos tratados, foram apresentadas informa\u00e7\u00f5es importantes sobre a opera\u00e7\u00e3o do BRT Transbrasil e ficou deliberado que o Conselho, juntamente com o setor produtivo, continuar\u00e1 acompanhando, junto \u00e0 Prefeitura, a performance deste importante ativo da mobilidade urbana, ratificando as sugest\u00f5es contidas no estudo t\u00e9cnico da empresa Sinergia.<\/p>\n\n\n\n<p>O presidente Rebuzzi, que participou de parte da reuni\u00e3o em forma virtual, informou que confirmou, pessoalmente, com o ministro dos Portos e Aeroportos, Silvio Costa, a participa\u00e7\u00e3o do Ministro em reuni\u00e3o\/almo\u00e7o na ACRJ, quando ser\u00e1 entregue um caderno tem\u00e1tico com as prioridades sugeridas pelo Conselho para os Portos do Rio e Itagua\u00ed, aeroportos do Gale\u00e3o e SantosDumont, e aeroportos do interior.<\/p>\n\n\n\n<p>O presidente Rebuzzi tamb\u00e9m ratificou que, tendo em vista a demanda dos Conselheiros e a real import\u00e2ncia do tema Seguran\u00e7a e Ordem P\u00fablica, o Conselho apresentar\u00e1 ao presidente da ACRJ, Josier Vilar, em car\u00e1ter de Urg\u00eancia, a necessidade de realiza\u00e7\u00e3o de um &#8220;workshop com todos os Conselhos da Casa de Mau\u00e1 e tamb\u00e9m autoridades p\u00fablicas (For\u00e7as Policiais, Judici\u00e1rio, Legislativo, Executivo, Minist\u00e9rio P\u00fablico etc) para se conhecer qual o Plano de A\u00e7\u00e3o das Autoridades P\u00fablicas para resgatar o Rio de Janeiro da dific\u00edlima situa\u00e7\u00e3o atual.<\/p>\n","protected":false},"excerpt":{"rendered":"<p>Na quinta-feira, 21\/03\/2024, o Conselho Empresarial de Log\u00edstica e Transporte da Associa\u00e7\u00e3o Comercial do Rio de Janeiro &#8211; ACRJ realizou reuni\u00e3o ordin\u00e1ria, presidida pelo vice-presidente&hellip;<\/p>\n","protected":false},"author":3,"featured_media":23897,"comment_status":"closed","ping_status":"open","sticky":false,"template":"","format":"standard","meta":{"_exactmetrics_skip_tracking":false,"_exactmetrics_sitenote_active":false,"_exactmetrics_sitenote_note":"","_exactmetrics_sitenote_category":0,"footnotes":""},"categories":[56,10],"tags":[],"class_list":["post-23889","post","type-post","status-publish","format-standard","has-post-thumbnail","hentry","category-destaque_conselhos","category-noticias"],"_links":{"self":[{"href":"https:\/\/acrj.org.br\/index.php\/wp-json\/wp\/v2\/posts\/23889","targetHints":{"allow":["GET"]}}],"collection":[{"href":"https:\/\/acrj.org.br\/index.php\/wp-json\/wp\/v2\/posts"}],"about":[{"href":"https:\/\/acrj.org.br\/index.php\/wp-json\/wp\/v2\/types\/post"}],"author":[{"embeddable":true,"href":"https:\/\/acrj.org.br\/index.php\/wp-json\/wp\/v2\/users\/3"}],"replies":[{"embeddable":true,"href":"https:\/\/acrj.org.br\/index.php\/wp-json\/wp\/v2\/comments?post=23889"}],"version-history":[{"count":0,"href":"https:\/\/acrj.org.br\/index.php\/wp-json\/wp\/v2\/posts\/23889\/revisions"}],"wp:featuredmedia":[{"embeddable":true,"href":"https:\/\/acrj.org.br\/index.php\/wp-json\/wp\/v2\/media\/23897"}],"wp:attachment":[{"href":"https:\/\/acrj.org.br\/index.php\/wp-json\/wp\/v2\/media?parent=23889"}],"wp:term":[{"taxonomy":"category","embeddable":true,"href":"https:\/\/acrj.org.br\/index.php\/wp-json\/wp\/v2\/categories?post=23889"},{"taxonomy":"post_tag","embeddable":true,"href":"https:\/\/acrj.org.br\/index.php\/wp-json\/wp\/v2\/tags?post=23889"}],"curies":[{"name":"wp","href":"https:\/\/api.w.org\/{rel}","templated":true}]}}