{"id":23878,"date":"2024-03-22T13:20:04","date_gmt":"2024-03-22T16:20:04","guid":{"rendered":"https:\/\/acrj.org.br\/?p=23878"},"modified":"2024-12-16T11:41:37","modified_gmt":"2024-12-16T14:41:37","slug":"diretor-do-grupo-cacula-faz-palestra-no-conselho-da-micro-e-pequena-empresa","status":"publish","type":"post","link":"https:\/\/acrj.org.br\/index.php\/2024\/03\/22\/diretor-do-grupo-cacula-faz-palestra-no-conselho-da-micro-e-pequena-empresa\/","title":{"rendered":"Diretor do Grupo Ca\u00e7ula faz palestra no Conselho das Micro e Pequenas Empresas"},"content":{"rendered":"\n<p>O Conselho Empresarial da Micro e Pequena Empresa da ACRJ promove palestra nesta 3\u00aa feira, 26 de mar\u00e7o, com o diretor comercial do Grupo Ca\u00e7ula de papelarias, Roberto Santos. Ele vai falar sobre a gest\u00e3o da empresa durante e p\u00f3s-pandemia.<\/p>\n\n\n\n<p>A Palestra acontece na Sede da ACRJ (Rua Candel\u00e1ria, 9\/12\u00ba andar), \u00e0s 10h.<\/p>\n\n\n\n<p>O evento \u00e9 gratuito.<\/p>\n\n\n\n<p> <strong><a href=\"https:\/\/docs.google.com\/forms\/d\/e\/1FAIpQLSfvpnc1wV3Cv1Br3adB90Y92Y6Mcf3raFP9isZ_o9Ch5bO7ag\/viewform?usp=sf_link\">Inscri\u00e7\u00f5es aqui<\/a><\/strong><\/p>\n","protected":false},"excerpt":{"rendered":"<p>O Conselho Empresarial da Micro e Pequena Empresa da ACRJ promove palestra nesta 3\u00aa feira, 26 de mar\u00e7o, com o diretor comercial do Grupo Ca\u00e7ula&hellip;<\/p>\n","protected":false},"author":3,"featured_media":23879,"comment_status":"closed","ping_status":"open","sticky":false,"template":"","format":"standard","meta":{"_exactmetrics_skip_tracking":false,"_exactmetrics_sitenote_active":false,"_exactmetrics_sitenote_note":"","_exactmetrics_sitenote_category":0,"footnotes":""},"categories":[56,10],"tags":[],"class_list":["post-23878","post","type-post","status-publish","format-standard","has-post-thumbnail","hentry","category-destaque_conselhos","category-noticias"],"_links":{"self":[{"href":"https:\/\/acrj.org.br\/index.php\/wp-json\/wp\/v2\/posts\/23878","targetHints":{"allow":["GET"]}}],"collection":[{"href":"https:\/\/acrj.org.br\/index.php\/wp-json\/wp\/v2\/posts"}],"about":[{"href":"https:\/\/acrj.org.br\/index.php\/wp-json\/wp\/v2\/types\/post"}],"author":[{"embeddable":true,"href":"https:\/\/acrj.org.br\/index.php\/wp-json\/wp\/v2\/users\/3"}],"replies":[{"embeddable":true,"href":"https:\/\/acrj.org.br\/index.php\/wp-json\/wp\/v2\/comments?post=23878"}],"version-history":[{"count":0,"href":"https:\/\/acrj.org.br\/index.php\/wp-json\/wp\/v2\/posts\/23878\/revisions"}],"wp:featuredmedia":[{"embeddable":true,"href":"https:\/\/acrj.org.br\/index.php\/wp-json\/wp\/v2\/media\/23879"}],"wp:attachment":[{"href":"https:\/\/acrj.org.br\/index.php\/wp-json\/wp\/v2\/media?parent=23878"}],"wp:term":[{"taxonomy":"category","embeddable":true,"href":"https:\/\/acrj.org.br\/index.php\/wp-json\/wp\/v2\/categories?post=23878"},{"taxonomy":"post_tag","embeddable":true,"href":"https:\/\/acrj.org.br\/index.php\/wp-json\/wp\/v2\/tags?post=23878"}],"curies":[{"name":"wp","href":"https:\/\/api.w.org\/{rel}","templated":true}]}}