{"id":23872,"date":"2024-03-21T14:10:15","date_gmt":"2024-03-21T17:10:15","guid":{"rendered":"https:\/\/acrj.org.br\/?p=23872"},"modified":"2024-04-08T20:21:43","modified_gmt":"2024-04-08T23:21:43","slug":"seguranca-juridica-em-debate-no-podcast-rj-mais-negocios-da-acrj","status":"publish","type":"post","link":"https:\/\/acrj.org.br\/index.php\/2024\/03\/21\/seguranca-juridica-em-debate-no-podcast-rj-mais-negocios-da-acrj\/","title":{"rendered":"Seguran\u00e7a jur\u00eddica em debate no Podcast RJ Mais Neg\u00f3cios da ACRJ"},"content":{"rendered":"\n<p>Os advogados Laudelino Mendes, vice-presidente Jur\u00eddico da ACRJ, e Beatriz Hermano, da LA Advogados, participaram do Podcast RJ Mais ACRJ para debater as quest\u00f5es que envolvem a seguran\u00e7a jur\u00eddica na contrata\u00e7\u00e3o pela CLT (Consolida\u00e7\u00e3o das Leis do Trabalho) e nos contratos de trabalho firmados com Pessoas Jur\u00eddicas (PJs). <\/p>\n\n\n\n<p>Assista pelo Canal ACRJ Divulga. <strong><a href=\"https:\/\/youtu.be\/_mSJERfjP20\">Acesse aqui<\/a><\/strong><\/p>\n","protected":false},"excerpt":{"rendered":"<p>Os advogados Laudelino Mendes, vice-presidente Jur\u00eddico da ACRJ, e Beatriz Hermano, da LA Advogados, participaram do Podcast RJ Mais ACRJ para debater as quest\u00f5es que&hellip;<\/p>\n","protected":false},"author":3,"featured_media":23873,"comment_status":"closed","ping_status":"closed","sticky":false,"template":"","format":"standard","meta":{"_exactmetrics_skip_tracking":false,"_exactmetrics_sitenote_active":false,"_exactmetrics_sitenote_note":"","_exactmetrics_sitenote_category":0,"footnotes":""},"categories":[10],"tags":[],"class_list":["post-23872","post","type-post","status-publish","format-standard","has-post-thumbnail","hentry","category-noticias"],"_links":{"self":[{"href":"https:\/\/acrj.org.br\/index.php\/wp-json\/wp\/v2\/posts\/23872","targetHints":{"allow":["GET"]}}],"collection":[{"href":"https:\/\/acrj.org.br\/index.php\/wp-json\/wp\/v2\/posts"}],"about":[{"href":"https:\/\/acrj.org.br\/index.php\/wp-json\/wp\/v2\/types\/post"}],"author":[{"embeddable":true,"href":"https:\/\/acrj.org.br\/index.php\/wp-json\/wp\/v2\/users\/3"}],"replies":[{"embeddable":true,"href":"https:\/\/acrj.org.br\/index.php\/wp-json\/wp\/v2\/comments?post=23872"}],"version-history":[{"count":0,"href":"https:\/\/acrj.org.br\/index.php\/wp-json\/wp\/v2\/posts\/23872\/revisions"}],"wp:featuredmedia":[{"embeddable":true,"href":"https:\/\/acrj.org.br\/index.php\/wp-json\/wp\/v2\/media\/23873"}],"wp:attachment":[{"href":"https:\/\/acrj.org.br\/index.php\/wp-json\/wp\/v2\/media?parent=23872"}],"wp:term":[{"taxonomy":"category","embeddable":true,"href":"https:\/\/acrj.org.br\/index.php\/wp-json\/wp\/v2\/categories?post=23872"},{"taxonomy":"post_tag","embeddable":true,"href":"https:\/\/acrj.org.br\/index.php\/wp-json\/wp\/v2\/tags?post=23872"}],"curies":[{"name":"wp","href":"https:\/\/api.w.org\/{rel}","templated":true}]}}