{"id":23858,"date":"2024-03-20T20:03:57","date_gmt":"2024-03-20T23:03:57","guid":{"rendered":"https:\/\/acrj.org.br\/?p=23858"},"modified":"2024-12-16T11:17:53","modified_gmt":"2024-12-16T14:17:53","slug":"mais-um-conselho-empresarial-toma-posse-na-acrj","status":"publish","type":"post","link":"https:\/\/acrj.org.br\/index.php\/2024\/03\/20\/mais-um-conselho-empresarial-toma-posse-na-acrj\/","title":{"rendered":"Mais um Conselho Empresarial toma posse na ACRJ"},"content":{"rendered":"\n<p>O Conselho Empresarial de Inova\u00e7\u00e3o, Transforma\u00e7\u00e3o Digital e Tecnologia tomou posse nesta 4 feira (20\/3), na sede da ACRJ. O presidente do Conselho, Julio Urdangarin, fez a diploma\u00e7\u00e3o dos conselheiros presentes junto com a vice-presidente dos Conselhos Empresariais, Fabiana Bentes.<\/p>\n\n\n\n<p>Nesta primeira reuni\u00e3o de trabalho, os membros iniciaram a discuss\u00e3o de tr\u00eas pautas. S\u00e3o elas, o apoio \u00e0 cria\u00e7\u00e3o do N\u00facleo de Intelig\u00eancia Empresarial pela ACRJ, o desenvolvimento de a\u00e7\u00f5es transversais com os demais Conselhos Empresariais da Casa e a aproxima\u00e7\u00e3o com a Prefeitura e o Governo do Estado a fim de propor pol\u00edticas p\u00fablicas de inova\u00e7\u00e3o que estimulem o desenvolvimento empresarial. Fabiana Bentes aproveitou a oportunidade para lembrar os pilares que norteiam a atua\u00e7\u00e3o da ACRJ e dos Conselhos Empresariais, que envolvem o papel de Advocacy, defendendo os interesses do setor empresarial, o mapeamento de servi\u00e7os que podem ser prestados para os Associados e a promo\u00e7\u00e3o de eventos e projetos.<\/p>\n\n\n\n<figure class=\"wp-block-image size-large is-resized\"><img fetchpriority=\"high\" decoding=\"async\" width=\"1024\" height=\"576\" src=\"https:\/\/acrj.org.br\/wp-content\/uploads\/2024\/03\/IMG-20240320-WA0077-1024x576.jpg\" alt=\"\" class=\"wp-image-23862\" style=\"width:394px;height:auto\" srcset=\"https:\/\/acrj.org.br\/wp-content\/uploads\/2024\/03\/IMG-20240320-WA0077-1024x576.jpg 1024w, https:\/\/acrj.org.br\/wp-content\/uploads\/2024\/03\/IMG-20240320-WA0077-600x338.jpg 600w, https:\/\/acrj.org.br\/wp-content\/uploads\/2024\/03\/IMG-20240320-WA0077-300x169.jpg 300w, https:\/\/acrj.org.br\/wp-content\/uploads\/2024\/03\/IMG-20240320-WA0077-768x432.jpg 768w, https:\/\/acrj.org.br\/wp-content\/uploads\/2024\/03\/IMG-20240320-WA0077-1536x864.jpg 1536w, https:\/\/acrj.org.br\/wp-content\/uploads\/2024\/03\/IMG-20240320-WA0077.jpg 1600w\" sizes=\"(max-width: 1024px) 100vw, 1024px\" \/><\/figure>\n\n\n\n<figure class=\"wp-block-image size-large is-resized\"><img decoding=\"async\" width=\"1024\" height=\"576\" src=\"https:\/\/acrj.org.br\/wp-content\/uploads\/2024\/03\/IMG-20240320-WA0102-1024x576.jpg\" alt=\"\" class=\"wp-image-23860\" style=\"width:396px;height:auto\" srcset=\"https:\/\/acrj.org.br\/wp-content\/uploads\/2024\/03\/IMG-20240320-WA0102-1024x576.jpg 1024w, https:\/\/acrj.org.br\/wp-content\/uploads\/2024\/03\/IMG-20240320-WA0102-600x338.jpg 600w, https:\/\/acrj.org.br\/wp-content\/uploads\/2024\/03\/IMG-20240320-WA0102-300x169.jpg 300w, https:\/\/acrj.org.br\/wp-content\/uploads\/2024\/03\/IMG-20240320-WA0102-768x432.jpg 768w, https:\/\/acrj.org.br\/wp-content\/uploads\/2024\/03\/IMG-20240320-WA0102-1536x864.jpg 1536w, https:\/\/acrj.org.br\/wp-content\/uploads\/2024\/03\/IMG-20240320-WA0102.jpg 1600w\" sizes=\"(max-width: 1024px) 100vw, 1024px\" \/><\/figure>\n\n\n\n<figure class=\"wp-block-image size-large is-resized\"><img decoding=\"async\" width=\"1024\" height=\"576\" src=\"https:\/\/acrj.org.br\/wp-content\/uploads\/2024\/03\/IMG-20240320-WA0098-1024x576.jpg\" alt=\"\" class=\"wp-image-23861\" style=\"width:404px;height:auto\" srcset=\"https:\/\/acrj.org.br\/wp-content\/uploads\/2024\/03\/IMG-20240320-WA0098-1024x576.jpg 1024w, https:\/\/acrj.org.br\/wp-content\/uploads\/2024\/03\/IMG-20240320-WA0098-600x338.jpg 600w, https:\/\/acrj.org.br\/wp-content\/uploads\/2024\/03\/IMG-20240320-WA0098-300x169.jpg 300w, https:\/\/acrj.org.br\/wp-content\/uploads\/2024\/03\/IMG-20240320-WA0098-768x432.jpg 768w, https:\/\/acrj.org.br\/wp-content\/uploads\/2024\/03\/IMG-20240320-WA0098-1536x864.jpg 1536w, https:\/\/acrj.org.br\/wp-content\/uploads\/2024\/03\/IMG-20240320-WA0098.jpg 1600w\" sizes=\"(max-width: 1024px) 100vw, 1024px\" \/><\/figure>\n","protected":false},"excerpt":{"rendered":"<p>O Conselho Empresarial de Inova\u00e7\u00e3o, Transforma\u00e7\u00e3o Digital e Tecnologia tomou posse nesta 4 feira (20\/3), na sede da ACRJ. O presidente do Conselho, Julio Urdangarin,&hellip;<\/p>\n","protected":false},"author":3,"featured_media":23868,"comment_status":"closed","ping_status":"open","sticky":false,"template":"","format":"standard","meta":{"_exactmetrics_skip_tracking":false,"_exactmetrics_sitenote_active":false,"_exactmetrics_sitenote_note":"","_exactmetrics_sitenote_category":0,"footnotes":""},"categories":[56,10],"tags":[],"class_list":["post-23858","post","type-post","status-publish","format-standard","has-post-thumbnail","hentry","category-destaque_conselhos","category-noticias"],"_links":{"self":[{"href":"https:\/\/acrj.org.br\/index.php\/wp-json\/wp\/v2\/posts\/23858","targetHints":{"allow":["GET"]}}],"collection":[{"href":"https:\/\/acrj.org.br\/index.php\/wp-json\/wp\/v2\/posts"}],"about":[{"href":"https:\/\/acrj.org.br\/index.php\/wp-json\/wp\/v2\/types\/post"}],"author":[{"embeddable":true,"href":"https:\/\/acrj.org.br\/index.php\/wp-json\/wp\/v2\/users\/3"}],"replies":[{"embeddable":true,"href":"https:\/\/acrj.org.br\/index.php\/wp-json\/wp\/v2\/comments?post=23858"}],"version-history":[{"count":0,"href":"https:\/\/acrj.org.br\/index.php\/wp-json\/wp\/v2\/posts\/23858\/revisions"}],"wp:featuredmedia":[{"embeddable":true,"href":"https:\/\/acrj.org.br\/index.php\/wp-json\/wp\/v2\/media\/23868"}],"wp:attachment":[{"href":"https:\/\/acrj.org.br\/index.php\/wp-json\/wp\/v2\/media?parent=23858"}],"wp:term":[{"taxonomy":"category","embeddable":true,"href":"https:\/\/acrj.org.br\/index.php\/wp-json\/wp\/v2\/categories?post=23858"},{"taxonomy":"post_tag","embeddable":true,"href":"https:\/\/acrj.org.br\/index.php\/wp-json\/wp\/v2\/tags?post=23858"}],"curies":[{"name":"wp","href":"https:\/\/api.w.org\/{rel}","templated":true}]}}