{"id":2383,"date":"2017-11-01T16:27:00","date_gmt":"2017-11-01T18:27:00","guid":{"rendered":"http:\/\/acrj2020.profissional.ws\/?p=2383"},"modified":"2021-01-28T10:50:04","modified_gmt":"2021-01-28T13:50:04","slug":"presidente-da-petrobras-diz-que-parceria-com-bp-pode-envolver-troca-de-ativos","status":"publish","type":"post","link":"https:\/\/acrj.org.br\/index.php\/2017\/11\/01\/presidente-da-petrobras-diz-que-parceria-com-bp-pode-envolver-troca-de-ativos\/","title":{"rendered":"Presidente da Petrobras diz que parceria com BP pode envolver troca de ativos"},"content":{"rendered":"\n<p>Publicado em Ag\u00eancia Brasil &#8211; Dia 31\/10<br><em><a href=\"http:\/\/agenciabrasil.ebc.com.br\/economia\/noticia\/2017-10\/presidente-da-petrobras-diz-que-parceria-com-bp-pode-envolver-troca-de\" target=\"_blank\" rel=\"noreferrer noopener\">Clique aqui para ler a mat\u00e9ria na \u00edntegra<\/a><\/em><\/p>\n\n\n\n<p>O presidente da Petrobras, Pedro Parente, disse hoje (31) que a parceria que a estatal est\u00e1 negociando com a petrol\u00edfera brit\u00e2nica BP dever\u00e1 envolver a troca de ativos entre as empresas. \u201cCertamente \u00e9 um modelo que envolveria a possibilidade de trocas de ativos, mas a discuss\u00e3o est\u00e1 muito preliminar. N\u00e3o estou anunciando que j\u00e1 tem isso colocado. Mas seria um pouco nessa linha\u201d, disse Parente, ap\u00f3s palestra na Associa\u00e7\u00e3o Comercial do Rio de Janeiro, no centro da capital fluminense.<\/p>\n\n\n\n<p>Mais cedo, a Petrobras divulgou comunicado ao mercado sobre a assinatura de carta de inten\u00e7\u00f5es com a BP para identificar e avaliar conjuntamente oportunidades de neg\u00f3cio, envolvendo ativos ou empreendimentos no Brasil e no exterior.<\/p>\n\n\n\n<p>\u201cO documento prev\u00ea coopera\u00e7\u00e3o nas \u00e1reas de explora\u00e7\u00e3o e produ\u00e7\u00e3o, refino, transporte e comercializa\u00e7\u00e3o de g\u00e1s, GNL, trading de petr\u00f3leo, lubrificantes, combust\u00edvel de avia\u00e7\u00e3o, gera\u00e7\u00e3o e distribui\u00e7\u00e3o de energia, renov\u00e1veis, tecnologia e iniciativas de baixa emiss\u00e3o de carbono, visando ao desenvolvimento de uma potencial alian\u00e7a estrat\u00e9gica entre as companhias\u201d, diz a nota.<\/p>\n\n\n\n<p>Segundo Parente, um dos primeiros objetivos da parceria com a BP foi alcan\u00e7ado durante o leil\u00e3o do pr\u00e9-sal, na semana passada, para a explora\u00e7\u00e3o de duas \u00e1reas. Na terceira rodada de licita\u00e7\u00e3o sob o regime de partilha de produ\u00e7\u00e3o, a companhia brasileira adquiriu direitos de explora\u00e7\u00e3o e produ\u00e7\u00e3o para o bloco Alto de Cabo Frio Central, em um cons\u00f3rcio 50%-50% com a BP; e para o bloco Peroba, juntamente com a CNODC, em um cons\u00f3rcio de 40% para Petrobras, 40% para BP e 20% para CNODC.<\/p>\n\n\n\n<p>\u201cMas h\u00e1 tamb\u00e9m um interesse muito grande na parceria estrat\u00e9gica com a BP no que diz respeito ao tema do g\u00e1s, [para] nos permitir aumentar a participa\u00e7\u00e3o do g\u00e1s no portf\u00f3lio da Petrobras\u201d, afirmou o executivo. \u201cTamb\u00e9m [h\u00e1 interesse] em uma eventual parceria na compra e venda de derivados e o pr\u00f3prio petr\u00f3leo bruto, em que eles t\u00eam uma experi\u00eancia muito grande, e [isso] pode beneficiar a Petrobras nesse sentido.\u201d<\/p>\n\n\n\n<p><strong>Lava Jato<\/strong><\/p>\n\n\n\n<p>Sobre os acordos que t\u00eam devolvido recursos desviados da estatal desde o in\u00edcio da Opera\u00e7\u00e3o Lava Jato, Parente afirmou que a companhia vai trabalhar para recuperar todos os valores que puder. Segundo o executivo, a empresa recebeu ontem mais R$ 82 milh\u00f5es, mas destacou que a d\u00edvida da Petrobras chega a quase US$ 90 bilh\u00f5es.<\/p>\n\n\n\n<p>\u201cEsses R$ 82 milh\u00f5es \u00e9 cerca de 0,3% [da d\u00edvida]. N\u00e3o estou dizendo que R$ 82 milh\u00f5es \u00e9 pouco. Quando comparado com o tamanho da nossa d\u00edvida, n\u00f3s temos ainda um grande trabalho pela frente\u201d.<\/p>\n\n\n\n<p>Em nota divulgada na noite dessa segunda-feira (30), a Petrobras informou ter recebido, por meio de ressarcimento de valores, desde o in\u00edcio da Lava Jato, em 2014, mais de R$ 800 milh\u00f5es.<\/p>\n\n\n\n<p>O executivo destacou que a estatal est\u00e1 em \u201ctrajet\u00f3ria de recupera\u00e7\u00e3o\u201d, mas afirmou que a companhia precisa reduzir sua d\u00edvida, \u201cainda muito alta\u201d. \u201cEstamos trabalhando de maneira muito seletiva, escolhendo com muito cuidado onde queremos investir\u201d, acrescentou.<\/p>\n\n\n\n<p class=\"has-text-align-right has-medium-font-size\"><strong> Ag\u00eancia Brasil <\/strong><\/p>\n","protected":false},"excerpt":{"rendered":"<p>Publicado em Ag\u00eancia Brasil &#8211; Dia 31\/10Clique aqui para ler a mat\u00e9ria na \u00edntegra O presidente da Petrobras, Pedro Parente, disse hoje (31) que a&hellip;<\/p>\n","protected":false},"author":1,"featured_media":2384,"comment_status":"closed","ping_status":"closed","sticky":false,"template":"","format":"standard","meta":{"_exactmetrics_skip_tracking":false,"_exactmetrics_sitenote_active":false,"_exactmetrics_sitenote_note":"","_exactmetrics_sitenote_category":0,"footnotes":""},"categories":[10],"tags":[],"class_list":["post-2383","post","type-post","status-publish","format-standard","has-post-thumbnail","hentry","category-noticias"],"_links":{"self":[{"href":"https:\/\/acrj.org.br\/index.php\/wp-json\/wp\/v2\/posts\/2383","targetHints":{"allow":["GET"]}}],"collection":[{"href":"https:\/\/acrj.org.br\/index.php\/wp-json\/wp\/v2\/posts"}],"about":[{"href":"https:\/\/acrj.org.br\/index.php\/wp-json\/wp\/v2\/types\/post"}],"author":[{"embeddable":true,"href":"https:\/\/acrj.org.br\/index.php\/wp-json\/wp\/v2\/users\/1"}],"replies":[{"embeddable":true,"href":"https:\/\/acrj.org.br\/index.php\/wp-json\/wp\/v2\/comments?post=2383"}],"version-history":[{"count":0,"href":"https:\/\/acrj.org.br\/index.php\/wp-json\/wp\/v2\/posts\/2383\/revisions"}],"wp:featuredmedia":[{"embeddable":true,"href":"https:\/\/acrj.org.br\/index.php\/wp-json\/wp\/v2\/media\/2384"}],"wp:attachment":[{"href":"https:\/\/acrj.org.br\/index.php\/wp-json\/wp\/v2\/media?parent=2383"}],"wp:term":[{"taxonomy":"category","embeddable":true,"href":"https:\/\/acrj.org.br\/index.php\/wp-json\/wp\/v2\/categories?post=2383"},{"taxonomy":"post_tag","embeddable":true,"href":"https:\/\/acrj.org.br\/index.php\/wp-json\/wp\/v2\/tags?post=2383"}],"curies":[{"name":"wp","href":"https:\/\/api.w.org\/{rel}","templated":true}]}}