{"id":2375,"date":"2017-11-06T17:22:00","date_gmt":"2017-11-06T19:22:00","guid":{"rendered":"http:\/\/acrj2020.profissional.ws\/?p=2375"},"modified":"2021-01-28T10:49:47","modified_gmt":"2021-01-28T13:49:47","slug":"acrj-homenageia-fab-durante-reuniao-do-conselho-diretor","status":"publish","type":"post","link":"https:\/\/acrj.org.br\/index.php\/2017\/11\/06\/acrj-homenageia-fab-durante-reuniao-do-conselho-diretor\/","title":{"rendered":"ACRJ homenageia FAB durante reuni\u00e3o do Conselho Diretor"},"content":{"rendered":"\t\t<div data-elementor-type=\"wp-post\" data-elementor-id=\"2375\" class=\"elementor elementor-2375\" data-elementor-post-type=\"post\">\n\t\t\t\t\t\t<section class=\"elementor-section elementor-top-section elementor-element elementor-element-349d1c07 elementor-section-boxed elementor-section-height-default elementor-section-height-default\" data-id=\"349d1c07\" data-element_type=\"section\" data-e-type=\"section\">\n\t\t\t\t\t\t<div class=\"elementor-container elementor-column-gap-default\">\n\t\t\t\t\t<div class=\"elementor-column elementor-col-100 elementor-top-column elementor-element elementor-element-46f7616a\" data-id=\"46f7616a\" data-element_type=\"column\" data-e-type=\"column\">\n\t\t\t<div class=\"elementor-widget-wrap elementor-element-populated\">\n\t\t\t\t\t\t<div class=\"elementor-element elementor-element-1396b0b1 elementor-widget elementor-widget-text-editor\" data-id=\"1396b0b1\" data-element_type=\"widget\" data-e-type=\"widget\" data-widget_type=\"text-editor.default\">\n\t\t\t\t<div class=\"elementor-widget-container\">\n\t\t\t\t\t\t\t\t\t\n<p>No dia 9 de novembro, a Associa\u00e7\u00e3o Comercial do Rio de Janeiro (ACRJ) realizar\u00e1 a pr\u00f3xima reuni\u00e3o de seu Conselho Diretor. O convidado da ocasi\u00e3o \u00e9 o Comandante do III Comar, Brigadeiro do Ar Saulo Valadares do Amaral. Como realizado nos \u00faltimos anos, a ACRJ vai homenagear a For\u00e7a A\u00e9rea Brasileira, que teve seu dia comemorado em 23 de outubro. O encontro acontece \u00e0s 10h, na Casa do Empres\u00e1rio. As inscri\u00e7\u00f5es s\u00e3o gratuitas e limitadas. Para se inscrever,\u00a0<a rel=\"noreferrer noopener\" href=\"https:\/\/docs.google.com\/forms\/d\/e\/1FAIpQLSdnfNmys_ZUelM59UVHxbmKMM873GLyL1Pw9FPT0PFoun-3Cw\/viewform\" target=\"_blank\">clique aqui<\/a>.<\/p>\n\n\n\n<p class=\"has-text-align-right has-medium-font-size\"><strong> Lucas Farizel<\/strong><\/p>\n\n\n\n<p><strong>Servi\u00e7o<\/strong><br>Conselho Diretor &#8211;&nbsp; Comandante do III Comar, Brigadeiro do Ar Saulo Valadares do Amaral<br>Data: 9 de novembro<br>Hor\u00e1rio: 10h<br>Informa\u00e7\u00f5es:&nbsp;<a href=\"mailto:eventos@acrj.org.br\">eventos@acrj.org.br<\/a>&nbsp;ou (21) 2514-1280<\/p>\n\t\t\t\t\t\t\t\t<\/div>\n\t\t\t\t<\/div>\n\t\t\t\t\t<\/div>\n\t\t<\/div>\n\t\t\t\t\t<\/div>\n\t\t<\/section>\n\t\t\t\t<section class=\"elementor-section elementor-top-section elementor-element elementor-element-3ac8bb0 elementor-section-boxed elementor-section-height-default elementor-section-height-default\" data-id=\"3ac8bb0\" data-element_type=\"section\" data-e-type=\"section\">\n\t\t\t\t\t\t<div class=\"elementor-container elementor-column-gap-default\">\n\t\t\t\t\t<div class=\"elementor-column elementor-col-100 elementor-top-column elementor-element elementor-element-f0c5ecc\" data-id=\"f0c5ecc\" data-element_type=\"column\" data-e-type=\"column\">\n\t\t\t<div class=\"elementor-widget-wrap elementor-element-populated\">\n\t\t\t\t\t\t<div class=\"elementor-element elementor-element-c58db81 elementor-widget elementor-widget-image\" data-id=\"c58db81\" data-element_type=\"widget\" data-e-type=\"widget\" data-widget_type=\"image.default\">\n\t\t\t\t<div class=\"elementor-widget-container\">\n\t\t\t\t\t\t\t\t\t\t\t\t\t\t\t<img fetchpriority=\"high\" decoding=\"async\" width=\"900\" height=\"662\" src=\"https:\/\/acrj.org.br\/wp-content\/uploads\/2017\/11\/brigadeiro_do_ar.jpg\" class=\"attachment-full size-full wp-image-2378\" alt=\"\" srcset=\"https:\/\/acrj.org.br\/wp-content\/uploads\/2017\/11\/brigadeiro_do_ar.jpg 900w, https:\/\/acrj.org.br\/wp-content\/uploads\/2017\/11\/brigadeiro_do_ar-600x441.jpg 600w, https:\/\/acrj.org.br\/wp-content\/uploads\/2017\/11\/brigadeiro_do_ar-300x221.jpg 300w, https:\/\/acrj.org.br\/wp-content\/uploads\/2017\/11\/brigadeiro_do_ar-768x565.jpg 768w\" sizes=\"(max-width: 900px) 100vw, 900px\" \/>\t\t\t\t\t\t\t\t\t\t\t\t\t\t\t<\/div>\n\t\t\t\t<\/div>\n\t\t\t\t\t<\/div>\n\t\t<\/div>\n\t\t\t\t\t<\/div>\n\t\t<\/section>\n\t\t\t\t<\/div>\n\t\t","protected":false},"excerpt":{"rendered":"<p>No dia 9 de novembro, a Associa\u00e7\u00e3o Comercial do Rio de Janeiro (ACRJ) realizar\u00e1 a pr\u00f3xima reuni\u00e3o de seu Conselho Diretor. O convidado da ocasi\u00e3o&hellip;<\/p>\n","protected":false},"author":1,"featured_media":2376,"comment_status":"closed","ping_status":"closed","sticky":false,"template":"","format":"standard","meta":{"_exactmetrics_skip_tracking":false,"_exactmetrics_sitenote_active":false,"_exactmetrics_sitenote_note":"","_exactmetrics_sitenote_category":0,"footnotes":""},"categories":[10],"tags":[],"class_list":["post-2375","post","type-post","status-publish","format-standard","has-post-thumbnail","hentry","category-noticias"],"_links":{"self":[{"href":"https:\/\/acrj.org.br\/index.php\/wp-json\/wp\/v2\/posts\/2375","targetHints":{"allow":["GET"]}}],"collection":[{"href":"https:\/\/acrj.org.br\/index.php\/wp-json\/wp\/v2\/posts"}],"about":[{"href":"https:\/\/acrj.org.br\/index.php\/wp-json\/wp\/v2\/types\/post"}],"author":[{"embeddable":true,"href":"https:\/\/acrj.org.br\/index.php\/wp-json\/wp\/v2\/users\/1"}],"replies":[{"embeddable":true,"href":"https:\/\/acrj.org.br\/index.php\/wp-json\/wp\/v2\/comments?post=2375"}],"version-history":[{"count":0,"href":"https:\/\/acrj.org.br\/index.php\/wp-json\/wp\/v2\/posts\/2375\/revisions"}],"wp:featuredmedia":[{"embeddable":true,"href":"https:\/\/acrj.org.br\/index.php\/wp-json\/wp\/v2\/media\/2376"}],"wp:attachment":[{"href":"https:\/\/acrj.org.br\/index.php\/wp-json\/wp\/v2\/media?parent=2375"}],"wp:term":[{"taxonomy":"category","embeddable":true,"href":"https:\/\/acrj.org.br\/index.php\/wp-json\/wp\/v2\/categories?post=2375"},{"taxonomy":"post_tag","embeddable":true,"href":"https:\/\/acrj.org.br\/index.php\/wp-json\/wp\/v2\/tags?post=2375"}],"curies":[{"name":"wp","href":"https:\/\/api.w.org\/{rel}","templated":true}]}}