{"id":23738,"date":"2024-03-18T19:07:28","date_gmt":"2024-03-18T22:07:28","guid":{"rendered":"https:\/\/acrj.org.br\/?p=23738"},"modified":"2024-03-21T12:36:43","modified_gmt":"2024-03-21T15:36:43","slug":"acrj-e-associacao-comercial-de-sp-farao-acordo-para-criacao-da-faculdade-do-comercio-do-rio","status":"publish","type":"post","link":"https:\/\/acrj.org.br\/index.php\/2024\/03\/18\/acrj-e-associacao-comercial-de-sp-farao-acordo-para-criacao-da-faculdade-do-comercio-do-rio\/","title":{"rendered":"ACRJ e Associa\u00e7\u00e3o Comercial de SP far\u00e3o acordo para cria\u00e7\u00e3o da Faculdade do Com\u00e9rcio do Rio"},"content":{"rendered":"\n<p>As Associa\u00e7\u00f5es Comerciais do Rio de Janeiro e de S\u00e3o Paulo acertaram, hoje, um acordo de coopera\u00e7\u00e3o&nbsp;para a cria\u00e7\u00e3o da Faculdade do Com\u00e9rcio na ACRJ. A faculdade oferecer\u00e1 cursos online, reconhecidos pelo MEC, para os empreendedores cariocas.<\/p>\n\n\n\n<p>Participaram da reuni\u00e3o, na sede da ACSP, os presidentes da ACRJ, Josier Vilar, e da ACSP, Roberto Ordini, e os presidentes da CACB &#8211; Confedera\u00e7\u00e3o das Associa\u00e7\u00f5es Comerciais e Empresariais e Brasil -, Alfredo Cotait (a esq. na foto), e do Conselho Superior da ACRJ, Ruy Barreto Filho.<\/p>\n\n\n\n<p>\u201c Os empreendedores e trabalhadores do setor de servi\u00e7os do Rio de Janeiro, ter\u00e3o uma grande oportunidade de se qualificarem para transformar o Rio em uma cidade modelo na presta\u00e7\u00e3o de servi\u00e7os&#8221;, disse Josier Vilar.<\/p>\n","protected":false},"excerpt":{"rendered":"<p>As Associa\u00e7\u00f5es Comerciais do Rio de Janeiro e de S\u00e3o Paulo acertaram, hoje, um acordo de coopera\u00e7\u00e3o&nbsp;para a cria\u00e7\u00e3o da Faculdade do Com\u00e9rcio na ACRJ.&hellip;<\/p>\n","protected":false},"author":3,"featured_media":23745,"comment_status":"closed","ping_status":"open","sticky":false,"template":"","format":"standard","meta":{"_exactmetrics_skip_tracking":false,"_exactmetrics_sitenote_active":false,"_exactmetrics_sitenote_note":"","_exactmetrics_sitenote_category":0,"footnotes":""},"categories":[6],"tags":[],"class_list":["post-23738","post","type-post","status-publish","format-standard","has-post-thumbnail","hentry","category-destaque_noticias"],"_links":{"self":[{"href":"https:\/\/acrj.org.br\/index.php\/wp-json\/wp\/v2\/posts\/23738","targetHints":{"allow":["GET"]}}],"collection":[{"href":"https:\/\/acrj.org.br\/index.php\/wp-json\/wp\/v2\/posts"}],"about":[{"href":"https:\/\/acrj.org.br\/index.php\/wp-json\/wp\/v2\/types\/post"}],"author":[{"embeddable":true,"href":"https:\/\/acrj.org.br\/index.php\/wp-json\/wp\/v2\/users\/3"}],"replies":[{"embeddable":true,"href":"https:\/\/acrj.org.br\/index.php\/wp-json\/wp\/v2\/comments?post=23738"}],"version-history":[{"count":0,"href":"https:\/\/acrj.org.br\/index.php\/wp-json\/wp\/v2\/posts\/23738\/revisions"}],"wp:featuredmedia":[{"embeddable":true,"href":"https:\/\/acrj.org.br\/index.php\/wp-json\/wp\/v2\/media\/23745"}],"wp:attachment":[{"href":"https:\/\/acrj.org.br\/index.php\/wp-json\/wp\/v2\/media?parent=23738"}],"wp:term":[{"taxonomy":"category","embeddable":true,"href":"https:\/\/acrj.org.br\/index.php\/wp-json\/wp\/v2\/categories?post=23738"},{"taxonomy":"post_tag","embeddable":true,"href":"https:\/\/acrj.org.br\/index.php\/wp-json\/wp\/v2\/tags?post=23738"}],"curies":[{"name":"wp","href":"https:\/\/api.w.org\/{rel}","templated":true}]}}