{"id":23702,"date":"2024-03-15T16:13:58","date_gmt":"2024-03-15T19:13:58","guid":{"rendered":"https:\/\/acrj.org.br\/?p=23702"},"modified":"2024-12-16T11:42:37","modified_gmt":"2024-12-16T14:42:37","slug":"o-carnaval-e-tema-do-seminario-promovido-pelo-conselho-de-cultura-da-acrj","status":"publish","type":"post","link":"https:\/\/acrj.org.br\/index.php\/2024\/03\/15\/o-carnaval-e-tema-do-seminario-promovido-pelo-conselho-de-cultura-da-acrj\/","title":{"rendered":"&#8220;O Carnaval&#8221; \u00e9 tema do semin\u00e1rio promovido pelo Conselho de Cultura da ACRJ"},"content":{"rendered":"\n<p>O Conselho Empresarial de Cultura da <strong>ACRJ<\/strong> promove, dia 26 de mar\u00e7o, \u00e0s 14h, o semin\u00e1rio <strong>O Carnaval,<\/strong> com a participa\u00e7\u00e3o de especialistas, produtores culturais e artistas da maior festa popular do Brasil.<\/p>\n\n\n\n<p>O debate ser\u00e1 dividido em 3 pain\u00e9is: <strong>Hist\u00f3rias do Brasil na boca do povo, As Escolas de Samba e suas comunidades e Customiza\u00e7\u00e3o: Moda e Carnaval.<\/strong><\/p>\n\n\n\n<p>O presidente da ACRJ, Josier Vilar, abre o evento, ao lado do presidente do Conselho de Cultura, S\u00e9rgio da Costa e Silva, e da vice-presidente, Maria Luiza Nobre de Almeida; e da presidente do Conselho de Comunidades, Novos Neg\u00f3cios e Economia Solid\u00e1ria da ACRJ, Celia Domingues.<\/p>\n\n\n\n<p>Participam dos pain\u00e9is, Haroldo Costa, diretor e membro do CE de Cultura; a carnavalesca Maria Augusta; Sergio Firmino, presidente da Federa\u00e7\u00e3o da Ind\u00fastria Criativa Cultural do Carnaval do Estado do RJ; o carnavalesco Bruno Tete; Celina de Farias, presidente do Conselho Internacional do Instituto Zuzu Angel e membro do CE de Cultura; e Roberta Aguiar, estilista e figurinista.<\/p>\n\n\n\n<p>As inscri\u00e7\u00f5es gratuitas. <strong><a href=\"https:\/\/forms.gle\/BLwCbBSXDwHeCqp19\">Acesse aqui <\/a><\/strong>para participar<\/p>\n\n\n\n<figure class=\"wp-block-image size-large is-resized\"><img fetchpriority=\"high\" decoding=\"async\" width=\"713\" height=\"1024\" src=\"https:\/\/acrj.org.br\/wp-content\/uploads\/2024\/03\/seminario-O-Carnaval_site-713x1024.png\" alt=\"\" class=\"wp-image-23704\" style=\"width:394px;height:auto\" srcset=\"https:\/\/acrj.org.br\/wp-content\/uploads\/2024\/03\/seminario-O-Carnaval_site-713x1024.png 713w, https:\/\/acrj.org.br\/wp-content\/uploads\/2024\/03\/seminario-O-Carnaval_site-600x862.png 600w, https:\/\/acrj.org.br\/wp-content\/uploads\/2024\/03\/seminario-O-Carnaval_site-209x300.png 209w, https:\/\/acrj.org.br\/wp-content\/uploads\/2024\/03\/seminario-O-Carnaval_site.png 757w\" sizes=\"(max-width: 713px) 100vw, 713px\" \/><\/figure>\n","protected":false},"excerpt":{"rendered":"<p>O Conselho Empresarial de Cultura da ACRJ promove, dia 26 de mar\u00e7o, \u00e0s 14h, o semin\u00e1rio O Carnaval, com a participa\u00e7\u00e3o de especialistas, produtores culturais&hellip;<\/p>\n","protected":false},"author":3,"featured_media":23703,"comment_status":"closed","ping_status":"open","sticky":false,"template":"","format":"standard","meta":{"_exactmetrics_skip_tracking":false,"_exactmetrics_sitenote_active":false,"_exactmetrics_sitenote_note":"","_exactmetrics_sitenote_category":0,"footnotes":""},"categories":[56,10],"tags":[],"class_list":["post-23702","post","type-post","status-publish","format-standard","has-post-thumbnail","hentry","category-destaque_conselhos","category-noticias"],"_links":{"self":[{"href":"https:\/\/acrj.org.br\/index.php\/wp-json\/wp\/v2\/posts\/23702","targetHints":{"allow":["GET"]}}],"collection":[{"href":"https:\/\/acrj.org.br\/index.php\/wp-json\/wp\/v2\/posts"}],"about":[{"href":"https:\/\/acrj.org.br\/index.php\/wp-json\/wp\/v2\/types\/post"}],"author":[{"embeddable":true,"href":"https:\/\/acrj.org.br\/index.php\/wp-json\/wp\/v2\/users\/3"}],"replies":[{"embeddable":true,"href":"https:\/\/acrj.org.br\/index.php\/wp-json\/wp\/v2\/comments?post=23702"}],"version-history":[{"count":0,"href":"https:\/\/acrj.org.br\/index.php\/wp-json\/wp\/v2\/posts\/23702\/revisions"}],"wp:featuredmedia":[{"embeddable":true,"href":"https:\/\/acrj.org.br\/index.php\/wp-json\/wp\/v2\/media\/23703"}],"wp:attachment":[{"href":"https:\/\/acrj.org.br\/index.php\/wp-json\/wp\/v2\/media?parent=23702"}],"wp:term":[{"taxonomy":"category","embeddable":true,"href":"https:\/\/acrj.org.br\/index.php\/wp-json\/wp\/v2\/categories?post=23702"},{"taxonomy":"post_tag","embeddable":true,"href":"https:\/\/acrj.org.br\/index.php\/wp-json\/wp\/v2\/tags?post=23702"}],"curies":[{"name":"wp","href":"https:\/\/api.w.org\/{rel}","templated":true}]}}