{"id":2369,"date":"2017-11-10T17:18:00","date_gmt":"2017-11-10T19:18:00","guid":{"rendered":"http:\/\/acrj2020.profissional.ws\/?p=2369"},"modified":"2021-01-28T10:49:34","modified_gmt":"2021-01-28T13:49:34","slug":"conselho-diretor-da-acrj-recebe-roberto-medina-para-palestra","status":"publish","type":"post","link":"https:\/\/acrj.org.br\/index.php\/2017\/11\/10\/conselho-diretor-da-acrj-recebe-roberto-medina-para-palestra\/","title":{"rendered":"Conselho Diretor da ACRJ recebe Roberto Medina para palestra"},"content":{"rendered":"\n<p>Fundador e presidente do Rock In Rio, o empres\u00e1rio Roberto Medina \u00e9 o convidado da pr\u00f3xima reuni\u00e3o do Conselho Diretor da ACRJ, que acontece no dia 21 de novembro. O tema da palestra de Medina ser\u00e1 a recupera\u00e7\u00e3o econ\u00f4mica do Rio de Janeiro tendo o setor de turismo como principal atividade. O encontro acontece \u00e0s 11:30h, na Casa do Empres\u00e1rio. Inscri\u00e7\u00f5es encerradas.&nbsp;<\/p>\n\n\n\n<p>Conselho Diretor da ACRJ &#8211; Roberto Medina<br>Data: 21 de novembro<br>Hor\u00e1rio: 11:30h<br>Local: ACRJ &#8211; Rua Candel\u00e1ria 9, Centro &#8211; Rio de Janeiro<br>Informa\u00e7\u00f5es:&nbsp;<a href=\"mailto:eventos@acrj.org.br\">eventos@acrj.org.br<\/a>&nbsp;ou (21) 2514-1280<\/p>\n","protected":false},"excerpt":{"rendered":"<p>Fundador e presidente do Rock In Rio, o empres\u00e1rio Roberto Medina \u00e9 o convidado da pr\u00f3xima reuni\u00e3o do Conselho Diretor da ACRJ, que acontece no&hellip;<\/p>\n","protected":false},"author":1,"featured_media":2370,"comment_status":"closed","ping_status":"closed","sticky":false,"template":"","format":"standard","meta":{"_exactmetrics_skip_tracking":false,"_exactmetrics_sitenote_active":false,"_exactmetrics_sitenote_note":"","_exactmetrics_sitenote_category":0,"footnotes":""},"categories":[10],"tags":[],"class_list":["post-2369","post","type-post","status-publish","format-standard","has-post-thumbnail","hentry","category-noticias"],"_links":{"self":[{"href":"https:\/\/acrj.org.br\/index.php\/wp-json\/wp\/v2\/posts\/2369","targetHints":{"allow":["GET"]}}],"collection":[{"href":"https:\/\/acrj.org.br\/index.php\/wp-json\/wp\/v2\/posts"}],"about":[{"href":"https:\/\/acrj.org.br\/index.php\/wp-json\/wp\/v2\/types\/post"}],"author":[{"embeddable":true,"href":"https:\/\/acrj.org.br\/index.php\/wp-json\/wp\/v2\/users\/1"}],"replies":[{"embeddable":true,"href":"https:\/\/acrj.org.br\/index.php\/wp-json\/wp\/v2\/comments?post=2369"}],"version-history":[{"count":0,"href":"https:\/\/acrj.org.br\/index.php\/wp-json\/wp\/v2\/posts\/2369\/revisions"}],"wp:featuredmedia":[{"embeddable":true,"href":"https:\/\/acrj.org.br\/index.php\/wp-json\/wp\/v2\/media\/2370"}],"wp:attachment":[{"href":"https:\/\/acrj.org.br\/index.php\/wp-json\/wp\/v2\/media?parent=2369"}],"wp:term":[{"taxonomy":"category","embeddable":true,"href":"https:\/\/acrj.org.br\/index.php\/wp-json\/wp\/v2\/categories?post=2369"},{"taxonomy":"post_tag","embeddable":true,"href":"https:\/\/acrj.org.br\/index.php\/wp-json\/wp\/v2\/tags?post=2369"}],"curies":[{"name":"wp","href":"https:\/\/api.w.org\/{rel}","templated":true}]}}