{"id":23668,"date":"2024-03-14T12:07:21","date_gmt":"2024-03-14T15:07:21","guid":{"rendered":"https:\/\/acrj.org.br\/?p=23668"},"modified":"2024-03-14T18:12:52","modified_gmt":"2024-03-14T21:12:52","slug":"forum-sobre-mobilidade-urbana-e-energia-conta-com-a-participacao-da-acrj","status":"publish","type":"post","link":"https:\/\/acrj.org.br\/index.php\/2024\/03\/14\/forum-sobre-mobilidade-urbana-e-energia-conta-com-a-participacao-da-acrj\/","title":{"rendered":"F\u00f3rum sobre mobilidade urbana e energia conta com a participa\u00e7\u00e3o da ACRJ"},"content":{"rendered":"\n<p>O F\u00f3rum RJ de Eletromobilidade, organizado pela Secretaria Estadual de Transporte e Mobilidade Urbana (Setram) e o Departamento de Transportes Rodovi\u00e1rios (Detro-RJ), foi realizado nesta 4\u00aa feira (13\/3) e contou com a participa\u00e7\u00e3o do presidente do Conselho Empresarial de Energia e Transi\u00e7\u00e3o Energ\u00e9tica da ACRJ, Gabriel Kropsch. Ele participou do painel \u201cPrincipais desafios enfrentados na implanta\u00e7\u00e3o de \u00f4nibus el\u00e9trico\u201d.<\/p>\n\n\n\n<p>Durante o debate, Kropsch apresentou a matriz el\u00e9trica do estado do Rio de Janeiro, que ainda depende em 65% de fontes f\u00f3sseis e defendeu a inclus\u00e3o de outras tecnologias na discuss\u00e3o. \u201c\u00c9 fundamental incluirmos neste debate, o uso do g\u00e1s, do biometano e outras que podem surgir\u201d, ressaltou o presidente do Conselho.<\/p>\n\n\n\n<p>Al\u00e9m de Gabriel Kropsch, participaram deste painel, Carlos Eduardo Cardoso de Souza, diretor B2\/ Neg\u00f3cios com Governo; Alvaro Gonz\u00e1lez, do Detro; Pablo Silva Souza, diretor de Planejamento de Transportes das Secretaria Municipal de Mobilidade Urbana de Salvador; e Paulo Jos\u00e9 Barenco, secret\u00e1rio municipal de Transporte e Mobilidade Urbana de Volta Redonda.<\/p>\n\n\n\n<p>O evento, realizado dias 12 e 13 de mar\u00e7o, contou com a presen\u00e7a de especialistas em opera\u00e7\u00f5es de sistemas de \u00f4nibus el\u00e9tricos de todo o Pa\u00eds, profissionais do setor de mobilidade urbana, fabricantes de ve\u00edculos e equipamentos, fornecedores, membros da comunidade acad\u00eamica, al\u00e9m de t\u00e9cnicos de \u00f3rg\u00e3os gestores municipais e do Poder P\u00fablico e representantes da sociedade civil. Durante o f\u00f3rum, foram discutidas ideias e oportunidades para mais investimentos em ve\u00edculos rodovi\u00e1rios de transporte coletivo de propuls\u00e3o el\u00e9trica, com op\u00e7\u00f5es ambientalmente seguras e vi\u00e1veis para o transporte p\u00fablico de qualidade do Estado do Rio de Janeiro.<\/p>\n","protected":false},"excerpt":{"rendered":"<p>O F\u00f3rum RJ de Eletromobilidade, organizado pela Secretaria Estadual de Transporte e Mobilidade Urbana (Setram) e o Departamento de Transportes Rodovi\u00e1rios (Detro-RJ), foi realizado nesta&hellip;<\/p>\n","protected":false},"author":3,"featured_media":23674,"comment_status":"closed","ping_status":"open","sticky":false,"template":"","format":"standard","meta":{"_exactmetrics_skip_tracking":false,"_exactmetrics_sitenote_active":false,"_exactmetrics_sitenote_note":"","_exactmetrics_sitenote_category":0,"footnotes":""},"categories":[6],"tags":[],"class_list":["post-23668","post","type-post","status-publish","format-standard","has-post-thumbnail","hentry","category-destaque_noticias"],"_links":{"self":[{"href":"https:\/\/acrj.org.br\/index.php\/wp-json\/wp\/v2\/posts\/23668","targetHints":{"allow":["GET"]}}],"collection":[{"href":"https:\/\/acrj.org.br\/index.php\/wp-json\/wp\/v2\/posts"}],"about":[{"href":"https:\/\/acrj.org.br\/index.php\/wp-json\/wp\/v2\/types\/post"}],"author":[{"embeddable":true,"href":"https:\/\/acrj.org.br\/index.php\/wp-json\/wp\/v2\/users\/3"}],"replies":[{"embeddable":true,"href":"https:\/\/acrj.org.br\/index.php\/wp-json\/wp\/v2\/comments?post=23668"}],"version-history":[{"count":0,"href":"https:\/\/acrj.org.br\/index.php\/wp-json\/wp\/v2\/posts\/23668\/revisions"}],"wp:featuredmedia":[{"embeddable":true,"href":"https:\/\/acrj.org.br\/index.php\/wp-json\/wp\/v2\/media\/23674"}],"wp:attachment":[{"href":"https:\/\/acrj.org.br\/index.php\/wp-json\/wp\/v2\/media?parent=23668"}],"wp:term":[{"taxonomy":"category","embeddable":true,"href":"https:\/\/acrj.org.br\/index.php\/wp-json\/wp\/v2\/categories?post=23668"},{"taxonomy":"post_tag","embeddable":true,"href":"https:\/\/acrj.org.br\/index.php\/wp-json\/wp\/v2\/tags?post=23668"}],"curies":[{"name":"wp","href":"https:\/\/api.w.org\/{rel}","templated":true}]}}