{"id":23663,"date":"2024-03-15T10:00:00","date_gmt":"2024-03-15T13:00:00","guid":{"rendered":"https:\/\/acrj.org.br\/?p=23663"},"modified":"2024-03-13T16:59:56","modified_gmt":"2024-03-13T19:59:56","slug":"roteirista-e-ator-claudio-manoel-faz-palestra-no-conselho-de-jovens","status":"publish","type":"post","link":"https:\/\/acrj.org.br\/index.php\/2024\/03\/15\/roteirista-e-ator-claudio-manoel-faz-palestra-no-conselho-de-jovens\/","title":{"rendered":"Roteirista e ator Cl\u00e1udio Manoel faz palestra no Conselho de Jovens"},"content":{"rendered":"\n<p>O roteirista, ator e diretor Cl\u00e1udio Manoel \u00e9 o convidado da reuni\u00e3o do Conselho Empresarial de Jovens, dia 27 de mar\u00e7o, \u00e0s 15 horas, na sede da ACRJ. Ele vai falar sobre \u201cCultura e Liberdade de Express\u00e3o: um caminho para o desenvolvimento econ\u00f4mico.<\/p>\n\n\n\n<p>O evento \u00e9 gratuito e conta com o apoio da Rio Junior. As inscri\u00e7\u00f5es devem ser feitas <strong><a href=\"https:\/\/forms.gle\/Hw9tvJdzUqya2mg48\">neste link<\/a><\/strong><\/p>\n\n\n\n<p><\/p>\n","protected":false},"excerpt":{"rendered":"<p>O roteirista, ator e diretor Cl\u00e1udio Manoel \u00e9 o convidado da reuni\u00e3o do Conselho Empresarial de Jovens, dia 27 de mar\u00e7o, \u00e0s 15 horas, na&hellip;<\/p>\n","protected":false},"author":3,"featured_media":23664,"comment_status":"closed","ping_status":"open","sticky":false,"template":"","format":"standard","meta":{"_exactmetrics_skip_tracking":false,"_exactmetrics_sitenote_active":false,"_exactmetrics_sitenote_note":"","_exactmetrics_sitenote_category":0,"footnotes":""},"categories":[10],"tags":[],"class_list":["post-23663","post","type-post","status-publish","format-standard","has-post-thumbnail","hentry","category-noticias"],"_links":{"self":[{"href":"https:\/\/acrj.org.br\/index.php\/wp-json\/wp\/v2\/posts\/23663","targetHints":{"allow":["GET"]}}],"collection":[{"href":"https:\/\/acrj.org.br\/index.php\/wp-json\/wp\/v2\/posts"}],"about":[{"href":"https:\/\/acrj.org.br\/index.php\/wp-json\/wp\/v2\/types\/post"}],"author":[{"embeddable":true,"href":"https:\/\/acrj.org.br\/index.php\/wp-json\/wp\/v2\/users\/3"}],"replies":[{"embeddable":true,"href":"https:\/\/acrj.org.br\/index.php\/wp-json\/wp\/v2\/comments?post=23663"}],"version-history":[{"count":0,"href":"https:\/\/acrj.org.br\/index.php\/wp-json\/wp\/v2\/posts\/23663\/revisions"}],"wp:featuredmedia":[{"embeddable":true,"href":"https:\/\/acrj.org.br\/index.php\/wp-json\/wp\/v2\/media\/23664"}],"wp:attachment":[{"href":"https:\/\/acrj.org.br\/index.php\/wp-json\/wp\/v2\/media?parent=23663"}],"wp:term":[{"taxonomy":"category","embeddable":true,"href":"https:\/\/acrj.org.br\/index.php\/wp-json\/wp\/v2\/categories?post=23663"},{"taxonomy":"post_tag","embeddable":true,"href":"https:\/\/acrj.org.br\/index.php\/wp-json\/wp\/v2\/tags?post=23663"}],"curies":[{"name":"wp","href":"https:\/\/api.w.org\/{rel}","templated":true}]}}