{"id":23607,"date":"2024-03-08T15:58:11","date_gmt":"2024-03-08T18:58:11","guid":{"rendered":"https:\/\/acrj.org.br\/?p=23607"},"modified":"2024-12-16T11:44:02","modified_gmt":"2024-12-16T14:44:02","slug":"perspectiva-para-2024-foi-um-dos-temas-da-reuniao-mensal-do-conselho-de-varejo","status":"publish","type":"post","link":"https:\/\/acrj.org.br\/index.php\/2024\/03\/08\/perspectiva-para-2024-foi-um-dos-temas-da-reuniao-mensal-do-conselho-de-varejo\/","title":{"rendered":"Perspectivas para 2024 foi um dos temas da reuni\u00e3o mensal do Conselho de Varejo"},"content":{"rendered":"\n<p>O Conselho Empresarial de Varejo da ACRJ debateu em sua reuni\u00e3o mensal, realizada dia 8 de mar\u00e7o, as perspectivas para 2024 nas \u00e1reas de varejo e consumo. Em sua apresenta\u00e7\u00e3o, o vice-presidente do Conselho, Ricardo Guin\u00e2ncio, mostrou dados da CNC (Confedera\u00e7\u00e3o Nacional do Com\u00e9rcio), com a previs\u00e3o de crescimento de 1,1% a 1,5% este ano. A proje\u00e7\u00e3o de vendas no e-commerce \u00e9 de R$ 205,11 bilh\u00f5es, com crescimento de 10,45% em rela\u00e7\u00e3o a 2023.<\/p>\n\n\n\n<p>De acordo com a empresa de software de mercado, TOTVS, 25 segmentos ser\u00e3o tend\u00eancia este ano. Entre eles, economia circular, novas tecnologias de pagamento, uso de dados na tomada de decis\u00e3o, intelig\u00eancia artificial, marketplaces, experi\u00eancias personalizadas. \u201cComo o nome j\u00e1 diz, s\u00e3o tend\u00eancias. Entre todas essas, nem todas podem ser boas para os neg\u00f3cios, \u00e9 preciso avaliar cada caso\u201d, disse.<\/p>\n\n\n\n<p>Dando continuidade \u00e0 apresenta\u00e7\u00e3o dos casos de sucesso de empresas varejistas, o presidente do Conselho, Juedir Teixeira, convidou o conselheiro Felipe Coelho, um dos s\u00f3cios do Grupo Dafel, empresa familiar fundada em 1990, especializada na comercializa\u00e7\u00e3o de alum\u00ednio, ferro e acess\u00f3rios espec\u00edficos da \u00e1rea de constru\u00e7\u00e3o civil.<\/p>\n\n\n\n<p>O grupo conta hoje com seis empresas e 14 unidades, sendo 12 lojas e duas f\u00e1bricas. Felipe Coelho fez uma apresenta\u00e7\u00e3o sobre a hist\u00f3ria e a trajet\u00f3ria da empresa e o desafio de fazer parte de um grupo comandado pela fam\u00edlia. \u201cNa empresa familiar, as gera\u00e7\u00f5es precisam se apoiar mutuamente. Uma tem um legado para deixar para as gera\u00e7\u00f5es mais novas, que trazem a inova\u00e7\u00e3o e as mudan\u00e7as. O mais importante \u00e9 procurar o que nos une e n\u00e3o o que nos separa\u201d, disse.<\/p>\n\n\n\n<p>Ao final da reuni\u00e3o seis novos conselheiros foram diplomados.<\/p>\n\n\n\n<p>Saiba mais no Canal ACRJ Divulga. <strong><a href=\"https:\/\/youtu.be\/jPBffDMV6ek?feature=shared\">Acesse aqui <\/a><\/strong>para assistir a reuni\u00e3o na \u00edntegra.<\/p>\n\n\n\n<figure class=\"wp-block-image size-large is-resized\"><img fetchpriority=\"high\" decoding=\"async\" width=\"1024\" height=\"630\" src=\"https:\/\/acrj.org.br\/wp-content\/uploads\/2024\/03\/palestrante-1024x630.jpeg\" alt=\"\" class=\"wp-image-23611\" style=\"width:418px;height:auto\" srcset=\"https:\/\/acrj.org.br\/wp-content\/uploads\/2024\/03\/palestrante-1024x630.jpeg 1024w, https:\/\/acrj.org.br\/wp-content\/uploads\/2024\/03\/palestrante-600x369.jpeg 600w, https:\/\/acrj.org.br\/wp-content\/uploads\/2024\/03\/palestrante-300x185.jpeg 300w, https:\/\/acrj.org.br\/wp-content\/uploads\/2024\/03\/palestrante-768x472.jpeg 768w, https:\/\/acrj.org.br\/wp-content\/uploads\/2024\/03\/palestrante.jpeg 1273w\" sizes=\"(max-width: 1024px) 100vw, 1024px\" \/><figcaption class=\"wp-element-caption\">Felipe Coelho falou sobre a trajet\u00f3ria do Grupo Dafel<\/figcaption><\/figure>\n\n\n\n<figure class=\"wp-block-image size-large is-resized\"><img decoding=\"async\" width=\"1024\" height=\"576\" src=\"https:\/\/acrj.org.br\/wp-content\/uploads\/2024\/03\/juedir-e-guinancio-1024x576.jpg\" alt=\"\" class=\"wp-image-23612\" style=\"width:419px;height:auto\" srcset=\"https:\/\/acrj.org.br\/wp-content\/uploads\/2024\/03\/juedir-e-guinancio-1024x576.jpg 1024w, https:\/\/acrj.org.br\/wp-content\/uploads\/2024\/03\/juedir-e-guinancio-600x338.jpg 600w, https:\/\/acrj.org.br\/wp-content\/uploads\/2024\/03\/juedir-e-guinancio-300x169.jpg 300w, https:\/\/acrj.org.br\/wp-content\/uploads\/2024\/03\/juedir-e-guinancio-768x432.jpg 768w, https:\/\/acrj.org.br\/wp-content\/uploads\/2024\/03\/juedir-e-guinancio-1536x864.jpg 1536w, https:\/\/acrj.org.br\/wp-content\/uploads\/2024\/03\/juedir-e-guinancio.jpg 2000w\" sizes=\"(max-width: 1024px) 100vw, 1024px\" \/><figcaption class=\"wp-element-caption\">Juedir Teixeira (d.) e Ricardo Guin\u00e2ncio <\/figcaption><\/figure>\n\n\n\n<figure class=\"wp-block-image size-large is-resized\"><img decoding=\"async\" width=\"1024\" height=\"576\" src=\"https:\/\/acrj.org.br\/wp-content\/uploads\/2024\/03\/mesa3-1024x576.jpg\" alt=\"\" class=\"wp-image-23613\" style=\"width:416px;height:auto\" srcset=\"https:\/\/acrj.org.br\/wp-content\/uploads\/2024\/03\/mesa3-1024x576.jpg 1024w, https:\/\/acrj.org.br\/wp-content\/uploads\/2024\/03\/mesa3-600x338.jpg 600w, https:\/\/acrj.org.br\/wp-content\/uploads\/2024\/03\/mesa3-300x169.jpg 300w, https:\/\/acrj.org.br\/wp-content\/uploads\/2024\/03\/mesa3-768x432.jpg 768w, https:\/\/acrj.org.br\/wp-content\/uploads\/2024\/03\/mesa3-1536x864.jpg 1536w, https:\/\/acrj.org.br\/wp-content\/uploads\/2024\/03\/mesa3.jpg 2000w\" sizes=\"(max-width: 1024px) 100vw, 1024px\" \/><\/figure>\n","protected":false},"excerpt":{"rendered":"<p>O Conselho Empresarial de Varejo da ACRJ debateu em sua reuni\u00e3o mensal, realizada dia 8 de mar\u00e7o, as perspectivas para 2024 nas \u00e1reas de varejo&hellip;<\/p>\n","protected":false},"author":3,"featured_media":23610,"comment_status":"closed","ping_status":"open","sticky":false,"template":"","format":"standard","meta":{"_exactmetrics_skip_tracking":false,"_exactmetrics_sitenote_active":false,"_exactmetrics_sitenote_note":"","_exactmetrics_sitenote_category":0,"footnotes":""},"categories":[56,10],"tags":[],"class_list":["post-23607","post","type-post","status-publish","format-standard","has-post-thumbnail","hentry","category-destaque_conselhos","category-noticias"],"_links":{"self":[{"href":"https:\/\/acrj.org.br\/index.php\/wp-json\/wp\/v2\/posts\/23607","targetHints":{"allow":["GET"]}}],"collection":[{"href":"https:\/\/acrj.org.br\/index.php\/wp-json\/wp\/v2\/posts"}],"about":[{"href":"https:\/\/acrj.org.br\/index.php\/wp-json\/wp\/v2\/types\/post"}],"author":[{"embeddable":true,"href":"https:\/\/acrj.org.br\/index.php\/wp-json\/wp\/v2\/users\/3"}],"replies":[{"embeddable":true,"href":"https:\/\/acrj.org.br\/index.php\/wp-json\/wp\/v2\/comments?post=23607"}],"version-history":[{"count":0,"href":"https:\/\/acrj.org.br\/index.php\/wp-json\/wp\/v2\/posts\/23607\/revisions"}],"wp:featuredmedia":[{"embeddable":true,"href":"https:\/\/acrj.org.br\/index.php\/wp-json\/wp\/v2\/media\/23610"}],"wp:attachment":[{"href":"https:\/\/acrj.org.br\/index.php\/wp-json\/wp\/v2\/media?parent=23607"}],"wp:term":[{"taxonomy":"category","embeddable":true,"href":"https:\/\/acrj.org.br\/index.php\/wp-json\/wp\/v2\/categories?post=23607"},{"taxonomy":"post_tag","embeddable":true,"href":"https:\/\/acrj.org.br\/index.php\/wp-json\/wp\/v2\/tags?post=23607"}],"curies":[{"name":"wp","href":"https:\/\/api.w.org\/{rel}","templated":true}]}}