{"id":23512,"date":"2024-03-06T16:18:24","date_gmt":"2024-03-06T19:18:24","guid":{"rendered":"https:\/\/acrj.org.br\/?p=23512"},"modified":"2024-12-16T11:44:15","modified_gmt":"2024-12-16T14:44:15","slug":"conselho-da-mulher-da-acrj-promove-debate-sobre-longevidade-e-saude-em-comemoracao-ao-8-de-marco","status":"publish","type":"post","link":"https:\/\/acrj.org.br\/index.php\/2024\/03\/06\/conselho-da-mulher-da-acrj-promove-debate-sobre-longevidade-e-saude-em-comemoracao-ao-8-de-marco\/","title":{"rendered":"Conselho da Mulher da ACRJ promove debate sobre longevidade e sa\u00fade em comemora\u00e7\u00e3o ao 8 de mar\u00e7o"},"content":{"rendered":"\n<p>Para marcar o Dia Internacional da Mulher, comemorado em 8 de mar\u00e7o, o Conselho Empresarial da Mulher da ACRJ promoveu o debate \u201cMulheres e Longevidade: Sa\u00fade, Nutri\u00e7\u00e3o e Bem-Estar&#8221;, realizado nesta quarta-feira, 6\/3, na sede da Associa\u00e7\u00e3o Comercial.<\/p>\n\n\n\n<p>O evento contou com a presen\u00e7a do presidente da ACRJ, Josier Vilar, m\u00e9dico de forma\u00e7\u00e3o, que esteve ao lado especialistas de renome nas \u00e1reas de sa\u00fade, nutri\u00e7\u00e3o e gastronomia, convidadas pela presidente do Conselho, Michelle Novaes. Ela mediou o debate com a endocrinologista Isabela Bussade, a ginecologista Viviane Monteiro, a nutricionista Carla Simonelli e a chef de cozinha, Marina Mattos.<\/p>\n\n\n\n<p>\u201cNeste encontro, vamos celebrar o Dia Internacional da Mulher e discutir temas essenciais para a longevidade feminina. Contamos com a presen\u00e7a de renomadas especialistas, que compartilharam seus conhecimentos e experi\u00eancias para inspirar um estilo de vida mais saud\u00e1vel e pr\u00f3spero\u201d, disse Michelle.<\/p>\n\n\n\n<p>A presidente do Conselho agradeceu a presen\u00e7a do presidente Josier Vilar, \u201csua presen\u00e7a aqui hoje \u00e9 muito importante para n\u00f3s, porque valoriza o nosso Conselho da Mulher aqui na Associa\u00e7\u00e3o Comercial. Tamb\u00e9m destacou a presen\u00e7a da vice-presidente do Conselho Superior da ACRJ, Marta Arakaki, uma empreendedora que sempre atuou em favor do empreendedorismo feminino dentro e fora da ACRJ.<\/p>\n\n\n\n<p>Abrindo o debate, a Dr\u00aa Isabela Bussade falou sobre as medidas preventivas a serem adotadas para manter a sa\u00fade hormonal em equil\u00edbrio, fator crucial para o bem-estar e a longevidade das mulheres. E ressaltou que a expectativa de vida hoje \u00e9 muito maior do que h\u00e1 alguns anos. \u201cA expectativa m\u00e9dia hoje chega a 82 anos em algumas sociedades. Dobramos o nosso tempo de exist\u00eancia\u201d, disse. Ela falou ainda sobre o estresse patol\u00f3gico, que pode afetar este equil\u00edbrio hormonal e trazer muitas consequ\u00eancias nocivas para a sa\u00fade da mulher, como a priva\u00e7\u00e3o cr\u00f4nica do sono, entre outros fatores.<\/p>\n\n\n\n<p>A ginecologista Viviane Monteiro compartilhou sua experi\u00eancia na preven\u00e7\u00e3o e detec\u00e7\u00e3o precoce de problemas de sa\u00fade e de que forma o estresse pode impactar a sa\u00fade reprodutiva da mulher. Abordou ainda o uso dos anticoncepcionais, a vida sexual ativa em v\u00e1rias idades, menopausa, as op\u00e7\u00f5es e possibilidades que as mulheres t\u00eam a sua disposi\u00e7\u00e3o hoje para engravidar, entre outros temas. \u201c\u00c9 muito importante falar sobre todos esses assuntos e, principalmente, como essa quest\u00e3o do estresse tem um impacto importante na vida reprodutiva da mulher\u201d, explicou.<\/p>\n\n\n\n<p>A nutricionista Carla Simonellii mencionou as principais diretrizes para uma alimenta\u00e7\u00e3o preventiva e como isso pode ajudar a evitar doen\u00e7as cr\u00f4nicas nas mulheres. Fechando o grupo, a chef Marina Mattos, que assinou o menu do almo\u00e7o oferecido pelo Conselho \u00e0s convidadas, revelou como a gastronomia pode ser um prazer que contribui para a nossa sa\u00fade destacando a import\u00e2ncia de pratos que s\u00e3o t\u00e3o saborosos quanto bons para a sa\u00fade e preven\u00e7\u00e3o de doen\u00e7as.<\/p>\n\n\n\n\n\n<figure class=\"wp-block-image size-large is-resized\"><img fetchpriority=\"high\" decoding=\"async\" width=\"1024\" height=\"733\" src=\"https:\/\/acrj.org.br\/wp-content\/uploads\/2024\/03\/josier-e-michelle-1-1024x733.jpeg\" alt=\"\" class=\"wp-image-23518\" style=\"width:351px;height:auto\" srcset=\"https:\/\/acrj.org.br\/wp-content\/uploads\/2024\/03\/josier-e-michelle-1-1024x733.jpeg 1024w, https:\/\/acrj.org.br\/wp-content\/uploads\/2024\/03\/josier-e-michelle-1-600x430.jpeg 600w, https:\/\/acrj.org.br\/wp-content\/uploads\/2024\/03\/josier-e-michelle-1-300x215.jpeg 300w, https:\/\/acrj.org.br\/wp-content\/uploads\/2024\/03\/josier-e-michelle-1-768x550.jpeg 768w, https:\/\/acrj.org.br\/wp-content\/uploads\/2024\/03\/josier-e-michelle-1.jpeg 1257w\" sizes=\"(max-width: 1024px) 100vw, 1024px\" \/><figcaption class=\"wp-element-caption\">Josier Vilar e Michelle Novaes na abertura do evento<\/figcaption><\/figure>\n\n\n\n<figure class=\"wp-block-image size-large is-resized\"><img decoding=\"async\" width=\"1024\" height=\"683\" src=\"https:\/\/acrj.org.br\/wp-content\/uploads\/2024\/03\/mulheres-com-michelle-1024x683.jpg\" alt=\"\" class=\"wp-image-23520\" style=\"width:352px;height:auto\" srcset=\"https:\/\/acrj.org.br\/wp-content\/uploads\/2024\/03\/mulheres-com-michelle-1024x683.jpg 1024w, https:\/\/acrj.org.br\/wp-content\/uploads\/2024\/03\/mulheres-com-michelle-scaled-600x400.jpg 600w, https:\/\/acrj.org.br\/wp-content\/uploads\/2024\/03\/mulheres-com-michelle-300x200.jpg 300w, https:\/\/acrj.org.br\/wp-content\/uploads\/2024\/03\/mulheres-com-michelle-768x512.jpg 768w, https:\/\/acrj.org.br\/wp-content\/uploads\/2024\/03\/mulheres-com-michelle-1536x1024.jpg 1536w, https:\/\/acrj.org.br\/wp-content\/uploads\/2024\/03\/mulheres-com-michelle-2048x1365.jpg 2048w\" sizes=\"(max-width: 1024px) 100vw, 1024px\" \/><figcaption class=\"wp-element-caption\">Confraterniza\u00e7\u00e3o de conselheiras e convidados<\/figcaption><\/figure>\n\n\n\n<figure class=\"wp-block-image size-large is-resized\"><img decoding=\"async\" width=\"812\" height=\"1024\" src=\"https:\/\/acrj.org.br\/wp-content\/uploads\/2024\/03\/michelle-e-marina-812x1024.jpg\" alt=\"\" class=\"wp-image-23538\" style=\"width:243px;height:auto\" srcset=\"https:\/\/acrj.org.br\/wp-content\/uploads\/2024\/03\/michelle-e-marina-812x1024.jpg 812w, https:\/\/acrj.org.br\/wp-content\/uploads\/2024\/03\/michelle-e-marina-600x757.jpg 600w, https:\/\/acrj.org.br\/wp-content\/uploads\/2024\/03\/michelle-e-marina-238x300.jpg 238w, https:\/\/acrj.org.br\/wp-content\/uploads\/2024\/03\/michelle-e-marina-768x969.jpg 768w, https:\/\/acrj.org.br\/wp-content\/uploads\/2024\/03\/michelle-e-marina.jpg 892w\" sizes=\"(max-width: 812px) 100vw, 812px\" \/><figcaption class=\"wp-element-caption\">Michelle Novaes e a chef <br>Marina Mattos<\/figcaption><\/figure>\n\n\n\n<figure class=\"wp-block-image size-large is-resized\"><img loading=\"lazy\" decoding=\"async\" width=\"1024\" height=\"576\" src=\"https:\/\/acrj.org.br\/wp-content\/uploads\/2024\/03\/josier-falando-1024x576.jpeg\" alt=\"\" class=\"wp-image-23517\" style=\"width:351px;height:auto\" srcset=\"https:\/\/acrj.org.br\/wp-content\/uploads\/2024\/03\/josier-falando-1024x576.jpeg 1024w, https:\/\/acrj.org.br\/wp-content\/uploads\/2024\/03\/josier-falando-600x338.jpeg 600w, https:\/\/acrj.org.br\/wp-content\/uploads\/2024\/03\/josier-falando-300x169.jpeg 300w, https:\/\/acrj.org.br\/wp-content\/uploads\/2024\/03\/josier-falando-768x432.jpeg 768w, https:\/\/acrj.org.br\/wp-content\/uploads\/2024\/03\/josier-falando-1536x864.jpeg 1536w, https:\/\/acrj.org.br\/wp-content\/uploads\/2024\/03\/josier-falando.jpeg 1600w\" sizes=\"(max-width: 1024px) 100vw, 1024px\" \/><figcaption class=\"wp-element-caption\">Josier Vilar deu as boas vindas no encontro pelo Dia Internacional da Mulher<\/figcaption><\/figure>\n\n\n\n<figure class=\"wp-block-image size-large is-resized\"><img loading=\"lazy\" decoding=\"async\" width=\"1024\" height=\"683\" src=\"https:\/\/acrj.org.br\/wp-content\/uploads\/2024\/03\/mulheres-com-michelle1-1024x683.jpg\" alt=\"\" class=\"wp-image-23516\" style=\"width:359px;height:auto\" srcset=\"https:\/\/acrj.org.br\/wp-content\/uploads\/2024\/03\/mulheres-com-michelle1-1024x683.jpg 1024w, https:\/\/acrj.org.br\/wp-content\/uploads\/2024\/03\/mulheres-com-michelle1-scaled-600x400.jpg 600w, https:\/\/acrj.org.br\/wp-content\/uploads\/2024\/03\/mulheres-com-michelle1-300x200.jpg 300w, https:\/\/acrj.org.br\/wp-content\/uploads\/2024\/03\/mulheres-com-michelle1-768x512.jpg 768w, https:\/\/acrj.org.br\/wp-content\/uploads\/2024\/03\/mulheres-com-michelle1-1536x1024.jpg 1536w, https:\/\/acrj.org.br\/wp-content\/uploads\/2024\/03\/mulheres-com-michelle1-2048x1365.jpg 2048w\" sizes=\"(max-width: 1024px) 100vw, 1024px\" \/><figcaption class=\"wp-element-caption\">Confraterniza\u00e7\u00e3o de conselheiras e convidadas<\/figcaption><\/figure>\n\n\n\n<figure class=\"wp-block-image size-large is-resized\"><img loading=\"lazy\" decoding=\"async\" width=\"1024\" height=\"683\" src=\"https:\/\/acrj.org.br\/wp-content\/uploads\/2024\/03\/mulher-com-marta-1024x683.jpg\" alt=\"\" class=\"wp-image-23519\" style=\"width:347px;height:auto\" srcset=\"https:\/\/acrj.org.br\/wp-content\/uploads\/2024\/03\/mulher-com-marta-1024x683.jpg 1024w, https:\/\/acrj.org.br\/wp-content\/uploads\/2024\/03\/mulher-com-marta-scaled-600x400.jpg 600w, https:\/\/acrj.org.br\/wp-content\/uploads\/2024\/03\/mulher-com-marta-300x200.jpg 300w, https:\/\/acrj.org.br\/wp-content\/uploads\/2024\/03\/mulher-com-marta-768x512.jpg 768w, https:\/\/acrj.org.br\/wp-content\/uploads\/2024\/03\/mulher-com-marta-1536x1024.jpg 1536w, https:\/\/acrj.org.br\/wp-content\/uploads\/2024\/03\/mulher-com-marta-2048x1365.jpg 2048w\" sizes=\"(max-width: 1024px) 100vw, 1024px\" \/><figcaption class=\"wp-element-caption\">Michelle Novaes e Marta Arakaki com as palestrantes<\/figcaption><\/figure>\n\n\n\n<p><\/p>\n\n\n\n<p>Fotos: Miguel S\u00e1<\/p>\n","protected":false},"excerpt":{"rendered":"<p>Para marcar o Dia Internacional da Mulher, comemorado em 8 de mar\u00e7o, o Conselho Empresarial da Mulher da ACRJ promoveu o debate \u201cMulheres e Longevidade:&hellip;<\/p>\n","protected":false},"author":3,"featured_media":23513,"comment_status":"closed","ping_status":"open","sticky":false,"template":"","format":"standard","meta":{"_exactmetrics_skip_tracking":false,"_exactmetrics_sitenote_active":false,"_exactmetrics_sitenote_note":"","_exactmetrics_sitenote_category":0,"footnotes":""},"categories":[56,10],"tags":[],"class_list":["post-23512","post","type-post","status-publish","format-standard","has-post-thumbnail","hentry","category-destaque_conselhos","category-noticias"],"_links":{"self":[{"href":"https:\/\/acrj.org.br\/index.php\/wp-json\/wp\/v2\/posts\/23512","targetHints":{"allow":["GET"]}}],"collection":[{"href":"https:\/\/acrj.org.br\/index.php\/wp-json\/wp\/v2\/posts"}],"about":[{"href":"https:\/\/acrj.org.br\/index.php\/wp-json\/wp\/v2\/types\/post"}],"author":[{"embeddable":true,"href":"https:\/\/acrj.org.br\/index.php\/wp-json\/wp\/v2\/users\/3"}],"replies":[{"embeddable":true,"href":"https:\/\/acrj.org.br\/index.php\/wp-json\/wp\/v2\/comments?post=23512"}],"version-history":[{"count":0,"href":"https:\/\/acrj.org.br\/index.php\/wp-json\/wp\/v2\/posts\/23512\/revisions"}],"wp:featuredmedia":[{"embeddable":true,"href":"https:\/\/acrj.org.br\/index.php\/wp-json\/wp\/v2\/media\/23513"}],"wp:attachment":[{"href":"https:\/\/acrj.org.br\/index.php\/wp-json\/wp\/v2\/media?parent=23512"}],"wp:term":[{"taxonomy":"category","embeddable":true,"href":"https:\/\/acrj.org.br\/index.php\/wp-json\/wp\/v2\/categories?post=23512"},{"taxonomy":"post_tag","embeddable":true,"href":"https:\/\/acrj.org.br\/index.php\/wp-json\/wp\/v2\/tags?post=23512"}],"curies":[{"name":"wp","href":"https:\/\/api.w.org\/{rel}","templated":true}]}}