{"id":23440,"date":"2024-03-01T17:19:10","date_gmt":"2024-03-01T20:19:10","guid":{"rendered":"https:\/\/acrj.org.br\/?p=23440"},"modified":"2024-03-05T14:57:01","modified_gmt":"2024-03-05T17:57:01","slug":"ibgc-e-acrj-firmam-termo-de-cooperacao-para-fortalecer-a-governanca-corporativa","status":"publish","type":"post","link":"https:\/\/acrj.org.br\/index.php\/2024\/03\/01\/ibgc-e-acrj-firmam-termo-de-cooperacao-para-fortalecer-a-governanca-corporativa\/","title":{"rendered":"IBGC e ACRJ firmam termo de Coopera\u00e7\u00e3o para fortalecer a governan\u00e7a corporativa"},"content":{"rendered":"\n<p>O Instituto Brasileiro de Governan\u00e7a Corporativa (IBGC) assinou um termo de coopera\u00e7\u00e3o com a ACRJ, fruto das iniciativas e trabalhos do Conselho Empresarial de Governan\u00e7a, Compliance e Diversidade, que tem o objetivo de avan\u00e7ar as melhores pr\u00e1ticas de Governan\u00e7a no nosso ambiente de neg\u00f3cios.<\/p>\n\n\n\n<p>As duas entidades dar\u00e3o apoio m\u00fatuo nas divulga\u00e7\u00f5es de eventos, cursos e demais iniciativas realizadas por cada uma das organiza\u00e7\u00f5es, na curadoria de eventos comuns. Segundo o presidente Humberto Mota Filho \u201cesse acordo consolida uma parceria de sucesso que se estende pelos \u00faltimos seis anos na ACRJ e pretende contribuir inclusive para os preparativos das comemora\u00e7\u00f5es dos 20 anos do Cap\u00edtulo Rio do IBGC. Agrade\u00e7o ao Leonardo, Jo\u00e3o Laudo e a Val\u00e9ria Caf\u00e9 por essa parceria&#8221;.<\/p>\n\n\n\n<p>O termo foi assinado dia 1\u00ba mar\u00e7o, pelo presidente do Conselho, Humberto Mota Filho, e o coordenador do Cap\u00edtulo RJ, Leonardo Zylberman.<\/p>\n","protected":false},"excerpt":{"rendered":"<p>O Instituto Brasileiro de Governan\u00e7a Corporativa (IBGC) assinou um termo de coopera\u00e7\u00e3o com a ACRJ, fruto das iniciativas e trabalhos do Conselho Empresarial de Governan\u00e7a,&hellip;<\/p>\n","protected":false},"author":3,"featured_media":23441,"comment_status":"closed","ping_status":"open","sticky":false,"template":"","format":"standard","meta":{"_exactmetrics_skip_tracking":false,"_exactmetrics_sitenote_active":false,"_exactmetrics_sitenote_note":"","_exactmetrics_sitenote_category":0,"footnotes":""},"categories":[10],"tags":[],"class_list":["post-23440","post","type-post","status-publish","format-standard","has-post-thumbnail","hentry","category-noticias"],"_links":{"self":[{"href":"https:\/\/acrj.org.br\/index.php\/wp-json\/wp\/v2\/posts\/23440","targetHints":{"allow":["GET"]}}],"collection":[{"href":"https:\/\/acrj.org.br\/index.php\/wp-json\/wp\/v2\/posts"}],"about":[{"href":"https:\/\/acrj.org.br\/index.php\/wp-json\/wp\/v2\/types\/post"}],"author":[{"embeddable":true,"href":"https:\/\/acrj.org.br\/index.php\/wp-json\/wp\/v2\/users\/3"}],"replies":[{"embeddable":true,"href":"https:\/\/acrj.org.br\/index.php\/wp-json\/wp\/v2\/comments?post=23440"}],"version-history":[{"count":0,"href":"https:\/\/acrj.org.br\/index.php\/wp-json\/wp\/v2\/posts\/23440\/revisions"}],"wp:featuredmedia":[{"embeddable":true,"href":"https:\/\/acrj.org.br\/index.php\/wp-json\/wp\/v2\/media\/23441"}],"wp:attachment":[{"href":"https:\/\/acrj.org.br\/index.php\/wp-json\/wp\/v2\/media?parent=23440"}],"wp:term":[{"taxonomy":"category","embeddable":true,"href":"https:\/\/acrj.org.br\/index.php\/wp-json\/wp\/v2\/categories?post=23440"},{"taxonomy":"post_tag","embeddable":true,"href":"https:\/\/acrj.org.br\/index.php\/wp-json\/wp\/v2\/tags?post=23440"}],"curies":[{"name":"wp","href":"https:\/\/api.w.org\/{rel}","templated":true}]}}