{"id":23355,"date":"2024-02-29T17:52:53","date_gmt":"2024-02-29T20:52:53","guid":{"rendered":"https:\/\/acrj.org.br\/?p=23355"},"modified":"2024-12-16T11:45:54","modified_gmt":"2024-12-16T14:45:54","slug":"legislacao-do-esporte-e-regionalizacao-das-vocacoes-dos-municipios-foram-alguns-dos-assuntos-do-conselho-de-esporte","status":"publish","type":"post","link":"https:\/\/acrj.org.br\/index.php\/2024\/02\/29\/legislacao-do-esporte-e-regionalizacao-das-vocacoes-dos-municipios-foram-alguns-dos-assuntos-do-conselho-de-esporte\/","title":{"rendered":"Legisla\u00e7\u00e3o e regionaliza\u00e7\u00e3o das voca\u00e7\u00f5es dos munic\u00edpios foram alguns dos assuntos do Conselho de Esporte"},"content":{"rendered":"\n<p>A primeira reuni\u00e3o do ano do Conselho Empresarial de Esporte, Lazer e Desenvolvimento Social da ACRJ, coordenada pela presidente Fabiana Bentes e pelo vice, Hugo M\u00f3sca foi realizada dia 29\/2. Os conselheiros debateram alguns temas que v\u00e3o nortear o trabalho do Conselho neste ano.<\/p>\n\n\n\n<p>O primeiro deles diz respeito \u00e0s Leis e Projetos de Lei nos \u00e2mbitos municipal, estadual e federal que afetam os temas referentes ao Conselho. Neste assunto j\u00e1 foram identificadas necessidades de aprimoramento da Lei de Incentivo ao Esporte Federal, fortalecimento dos processos da Lei Estadual do ICMS e a cria\u00e7\u00e3o da Lei do ISS no munic\u00edpio no que compete aos projetos esportivos, visando o retorno econ\u00f4mico que estas a\u00e7\u00f5es oferecem.<\/p>\n\n\n\n<p>Outro tema bastante debatido durante a reuni\u00e3o foi a organiza\u00e7\u00e3o de uma reuni\u00e3o, e posteriormente de um semin\u00e1rio, com os secret\u00e1rios Municipais de Esporte\/Lazer e Turismo para identifica\u00e7\u00e3o de voca\u00e7\u00f5es e potencialidades de cada regi\u00e3o do estado do Rio. A ideia \u00e9 promover um primeiro encontro com os secret\u00e1rios para fazer um diagn\u00f3stico identificando, al\u00e9m da voca\u00e7\u00e3o, todos os aspectos que envolvem a realiza\u00e7\u00e3o e um evento naquele munic\u00edpio ou em uma determinada regi\u00e3o do Estado.<\/p>\n","protected":false},"excerpt":{"rendered":"<p>A primeira reuni\u00e3o do ano do Conselho Empresarial de Esporte, Lazer e Desenvolvimento Social da ACRJ, coordenada pela presidente Fabiana Bentes e pelo vice, Hugo&hellip;<\/p>\n","protected":false},"author":3,"featured_media":23356,"comment_status":"closed","ping_status":"open","sticky":false,"template":"","format":"standard","meta":{"_exactmetrics_skip_tracking":false,"_exactmetrics_sitenote_active":false,"_exactmetrics_sitenote_note":"","_exactmetrics_sitenote_category":0,"footnotes":""},"categories":[56,10],"tags":[],"class_list":["post-23355","post","type-post","status-publish","format-standard","has-post-thumbnail","hentry","category-destaque_conselhos","category-noticias"],"_links":{"self":[{"href":"https:\/\/acrj.org.br\/index.php\/wp-json\/wp\/v2\/posts\/23355","targetHints":{"allow":["GET"]}}],"collection":[{"href":"https:\/\/acrj.org.br\/index.php\/wp-json\/wp\/v2\/posts"}],"about":[{"href":"https:\/\/acrj.org.br\/index.php\/wp-json\/wp\/v2\/types\/post"}],"author":[{"embeddable":true,"href":"https:\/\/acrj.org.br\/index.php\/wp-json\/wp\/v2\/users\/3"}],"replies":[{"embeddable":true,"href":"https:\/\/acrj.org.br\/index.php\/wp-json\/wp\/v2\/comments?post=23355"}],"version-history":[{"count":0,"href":"https:\/\/acrj.org.br\/index.php\/wp-json\/wp\/v2\/posts\/23355\/revisions"}],"wp:featuredmedia":[{"embeddable":true,"href":"https:\/\/acrj.org.br\/index.php\/wp-json\/wp\/v2\/media\/23356"}],"wp:attachment":[{"href":"https:\/\/acrj.org.br\/index.php\/wp-json\/wp\/v2\/media?parent=23355"}],"wp:term":[{"taxonomy":"category","embeddable":true,"href":"https:\/\/acrj.org.br\/index.php\/wp-json\/wp\/v2\/categories?post=23355"},{"taxonomy":"post_tag","embeddable":true,"href":"https:\/\/acrj.org.br\/index.php\/wp-json\/wp\/v2\/tags?post=23355"}],"curies":[{"name":"wp","href":"https:\/\/api.w.org\/{rel}","templated":true}]}}