{"id":2330,"date":"2017-11-28T16:51:00","date_gmt":"2017-11-28T18:51:00","guid":{"rendered":"http:\/\/acrj2020.profissional.ws\/?p=2330"},"modified":"2021-01-28T10:53:10","modified_gmt":"2021-01-28T13:53:10","slug":"entidades-realizam-mesa-redonda-sobre-a-reforma-trabalhista","status":"publish","type":"post","link":"https:\/\/acrj.org.br\/index.php\/2017\/11\/28\/entidades-realizam-mesa-redonda-sobre-a-reforma-trabalhista\/","title":{"rendered":"Entidades realizam mesa redonda sobre a Reforma Trabalhista"},"content":{"rendered":"\t\t<div data-elementor-type=\"wp-post\" data-elementor-id=\"2330\" class=\"elementor elementor-2330\" data-elementor-post-type=\"post\">\n\t\t\t\t\t\t<section class=\"elementor-section elementor-top-section elementor-element elementor-element-5aa86045 elementor-section-boxed elementor-section-height-default elementor-section-height-default\" data-id=\"5aa86045\" data-element_type=\"section\" data-e-type=\"section\">\n\t\t\t\t\t\t<div class=\"elementor-container elementor-column-gap-default\">\n\t\t\t\t\t<div class=\"elementor-column elementor-col-100 elementor-top-column elementor-element elementor-element-19cfef92\" data-id=\"19cfef92\" data-element_type=\"column\" data-e-type=\"column\">\n\t\t\t<div class=\"elementor-widget-wrap elementor-element-populated\">\n\t\t\t\t\t\t<div class=\"elementor-element elementor-element-1f7ee4f7 elementor-widget elementor-widget-text-editor\" data-id=\"1f7ee4f7\" data-element_type=\"widget\" data-e-type=\"widget\" data-widget_type=\"text-editor.default\">\n\t\t\t\t<div class=\"elementor-widget-container\">\n\t\t\t\t\t\t\t\t\t<p>A Associa\u00e7\u00e3o Comercial do Rio de Janeiro (ACRJ), em parceria com a Associa\u00e7\u00e3o Brasileira de Recursos Humanos (ABRH); e a RHLegal, vai promover uma mesa redonda para falar sobre a Reforma Trabalhista. Com o tema &#8220;Sua empresa est\u00e1 preparada?&#8221;, os participantes v\u00e3o poder ouvir especialistas, autoridades, al\u00e9m de tirar d\u00favidas e ficar atualizado sobre todas as mudan\u00e7as com a nova lei.<\/p>\n<p>Entre os debatedores est\u00e3o o secret\u00e1rio executivo do Minist\u00e9rio do Trabalho e Emprego, Helton Yomura; e o juiz titular da 19\u00aa vara do Tribunal Regional do Trabalho do Rio de Janeiro, Marcelo Moura. O evento acontece no dia 8 de dezembro, \u00e0s 14h, na sede da ACRJ.<\/p>\n<p>Servi\u00e7o<\/p>\n<p>Mesa Redonda &#8211; Reforma Trabalhista<\/p>\n<p>Data: 8 de dezembro<\/p>\n<p>Hor\u00e1rio: 14h<\/p>\n<p>Local: Casa do Empres\u00e1rio &#8211; Rua Candel\u00e1ria 9, Centro &#8211; RJ<\/p>\n<p>Informa\u00e7\u00f5es: conselhosconf@acrj.org.br ou (21) 2514-1203<\/p>\t\t\t\t\t\t\t\t<\/div>\n\t\t\t\t<\/div>\n\t\t\t\t\t<\/div>\n\t\t<\/div>\n\t\t\t\t\t<\/div>\n\t\t<\/section>\n\t\t\t\t<section class=\"elementor-section elementor-top-section elementor-element elementor-element-0c8b16a elementor-section-boxed elementor-section-height-default elementor-section-height-default\" data-id=\"0c8b16a\" data-element_type=\"section\" data-e-type=\"section\">\n\t\t\t\t\t\t<div class=\"elementor-container elementor-column-gap-default\">\n\t\t\t\t\t<div class=\"elementor-column elementor-col-100 elementor-top-column elementor-element elementor-element-23b18e3\" data-id=\"23b18e3\" data-element_type=\"column\" data-e-type=\"column\">\n\t\t\t<div class=\"elementor-widget-wrap elementor-element-populated\">\n\t\t\t\t\t\t<div class=\"elementor-element elementor-element-7b4af4a elementor-widget elementor-widget-image\" data-id=\"7b4af4a\" data-element_type=\"widget\" data-e-type=\"widget\" data-widget_type=\"image.default\">\n\t\t\t\t<div class=\"elementor-widget-container\">\n\t\t\t\t\t\t\t\t\t\t\t\t\t\t\t<img fetchpriority=\"high\" decoding=\"async\" width=\"900\" height=\"965\" src=\"https:\/\/acrj.org.br\/wp-content\/uploads\/2017\/11\/reforma_trabalhista_novo.jpg\" class=\"attachment-full size-full wp-image-2333\" alt=\"\" srcset=\"https:\/\/acrj.org.br\/wp-content\/uploads\/2017\/11\/reforma_trabalhista_novo.jpg 900w, https:\/\/acrj.org.br\/wp-content\/uploads\/2017\/11\/reforma_trabalhista_novo-600x643.jpg 600w, https:\/\/acrj.org.br\/wp-content\/uploads\/2017\/11\/reforma_trabalhista_novo-280x300.jpg 280w, https:\/\/acrj.org.br\/wp-content\/uploads\/2017\/11\/reforma_trabalhista_novo-768x823.jpg 768w\" sizes=\"(max-width: 900px) 100vw, 900px\" \/>\t\t\t\t\t\t\t\t\t\t\t\t\t\t\t<\/div>\n\t\t\t\t<\/div>\n\t\t\t\t\t<\/div>\n\t\t<\/div>\n\t\t\t\t\t<\/div>\n\t\t<\/section>\n\t\t\t\t<\/div>\n\t\t","protected":false},"excerpt":{"rendered":"<p>A Associa\u00e7\u00e3o Comercial do Rio de Janeiro (ACRJ), em parceria com a Associa\u00e7\u00e3o Brasileira de Recursos Humanos (ABRH); e a RHLegal, vai promover uma mesa&hellip;<\/p>\n","protected":false},"author":1,"featured_media":2331,"comment_status":"closed","ping_status":"closed","sticky":false,"template":"","format":"standard","meta":{"_exactmetrics_skip_tracking":false,"_exactmetrics_sitenote_active":false,"_exactmetrics_sitenote_note":"","_exactmetrics_sitenote_category":0,"footnotes":""},"categories":[10],"tags":[],"class_list":["post-2330","post","type-post","status-publish","format-standard","has-post-thumbnail","hentry","category-noticias"],"_links":{"self":[{"href":"https:\/\/acrj.org.br\/index.php\/wp-json\/wp\/v2\/posts\/2330","targetHints":{"allow":["GET"]}}],"collection":[{"href":"https:\/\/acrj.org.br\/index.php\/wp-json\/wp\/v2\/posts"}],"about":[{"href":"https:\/\/acrj.org.br\/index.php\/wp-json\/wp\/v2\/types\/post"}],"author":[{"embeddable":true,"href":"https:\/\/acrj.org.br\/index.php\/wp-json\/wp\/v2\/users\/1"}],"replies":[{"embeddable":true,"href":"https:\/\/acrj.org.br\/index.php\/wp-json\/wp\/v2\/comments?post=2330"}],"version-history":[{"count":0,"href":"https:\/\/acrj.org.br\/index.php\/wp-json\/wp\/v2\/posts\/2330\/revisions"}],"wp:featuredmedia":[{"embeddable":true,"href":"https:\/\/acrj.org.br\/index.php\/wp-json\/wp\/v2\/media\/2331"}],"wp:attachment":[{"href":"https:\/\/acrj.org.br\/index.php\/wp-json\/wp\/v2\/media?parent=2330"}],"wp:term":[{"taxonomy":"category","embeddable":true,"href":"https:\/\/acrj.org.br\/index.php\/wp-json\/wp\/v2\/categories?post=2330"},{"taxonomy":"post_tag","embeddable":true,"href":"https:\/\/acrj.org.br\/index.php\/wp-json\/wp\/v2\/tags?post=2330"}],"curies":[{"name":"wp","href":"https:\/\/api.w.org\/{rel}","templated":true}]}}