{"id":23174,"date":"2024-02-20T12:42:05","date_gmt":"2024-02-20T15:42:05","guid":{"rendered":"https:\/\/acrj.org.br\/?p=23174"},"modified":"2024-12-16T11:46:46","modified_gmt":"2024-12-16T14:46:46","slug":"conselho-da-micro-e-pequena-empresa-propoe-realizacao-de-pesquisa-e-rodada-de-negocios","status":"publish","type":"post","link":"https:\/\/acrj.org.br\/index.php\/2024\/02\/20\/conselho-da-micro-e-pequena-empresa-propoe-realizacao-de-pesquisa-e-rodada-de-negocios\/","title":{"rendered":"Conselho da Micro e Pequena Empresa prop\u00f5e realiza\u00e7\u00e3o de pesquisa e rodada de neg\u00f3cios"},"content":{"rendered":"\n<p>O Conselho Empresarial da Micro e Pequena Empresa da ACRJ se reuniu nesta 5\u00aa feira (20\/2) para a defini\u00e7\u00e3o de algumas atividades a serem realizadas ainda no primeiro semestre do ano. O presidente do Conselho Th\u00f6r Silva Carvalho informou que duas a\u00e7\u00f5es ter\u00e3o destaque. S\u00e3o elas, a realiza\u00e7\u00e3o de uma pesquisa com os micro e pequenos empres\u00e1rios associados \u00e0 ACRJ e a organiza\u00e7\u00e3o de uma rodada de neg\u00f3cios.<\/p>\n\n\n\n<p>De acordo com ele, a pesquisa vai focar nas necessidades dos empres\u00e1rios que comp\u00f5em o universo das micro e pequenas e tamb\u00e9m dos microempreendedores individuais, (MEIs). Para dar in\u00edcio a este levantamento, os conselheiros decidiram aguardar os resultados da pesquisa que est\u00e1 sendo promovida pela ACRJ junto aos seus associados. \u201cA ideia \u00e9 que a partir dos resultados desta pesquisa mais ampla da Associa\u00e7\u00e3o Comercial, possamos fazer um levantamento com foco nesses segmentos e por \u00e1rea de atua\u00e7\u00e3o e assim definir estrat\u00e9gias de a\u00e7\u00e3o\u201d, explicou Th\u00f6r. <\/p>\n\n\n\n<p>Encerrando o encontro, o presidente Josier Vilar reafirmou o compromisso da ACRJ em proporcionar um melhor ambiente de neg\u00f3cios para as micro e pequenas empresas do Rio de Janeiro. Ele adiantou que o projeto da instala\u00e7\u00e3o da Loja do Empreendedor da ACRJ est\u00e1 em andamento, assim como da cria\u00e7\u00e3o do N\u00facleo de Intelig\u00eancia Empresarial. Este \u00faltimo ser\u00e1 um banco de dados com informa\u00e7\u00f5es diversas que v\u00e3o orientar e ajudar os empreendedores na tomada de decis\u00e3o para a instala\u00e7\u00e3o de seus neg\u00f3cios.<\/p>\n\n\n\n<figure class=\"wp-block-image size-large is-resized\"><img fetchpriority=\"high\" decoding=\"async\" width=\"1024\" height=\"576\" src=\"https:\/\/acrj.org.br\/wp-content\/uploads\/2024\/02\/interna-1024x576.jpeg\" alt=\"\" class=\"wp-image-23176\" style=\"width:370px;height:auto\" srcset=\"https:\/\/acrj.org.br\/wp-content\/uploads\/2024\/02\/interna-1024x576.jpeg 1024w, https:\/\/acrj.org.br\/wp-content\/uploads\/2024\/02\/interna-600x338.jpeg 600w, https:\/\/acrj.org.br\/wp-content\/uploads\/2024\/02\/interna-300x169.jpeg 300w, https:\/\/acrj.org.br\/wp-content\/uploads\/2024\/02\/interna-768x432.jpeg 768w, https:\/\/acrj.org.br\/wp-content\/uploads\/2024\/02\/interna-1536x864.jpeg 1536w, https:\/\/acrj.org.br\/wp-content\/uploads\/2024\/02\/interna.jpeg 1600w\" sizes=\"(max-width: 1024px) 100vw, 1024px\" \/><figcaption class=\"wp-element-caption\">Os conselheiros debateram as estrat\u00e9gias de atua\u00e7\u00e3o<br>para os pr\u00f3ximos meses<\/figcaption><\/figure>\n","protected":false},"excerpt":{"rendered":"<p>O Conselho Empresarial da Micro e Pequena Empresa da ACRJ se reuniu nesta 5\u00aa feira (20\/2) para a defini\u00e7\u00e3o de algumas atividades a serem realizadas&hellip;<\/p>\n","protected":false},"author":3,"featured_media":23175,"comment_status":"closed","ping_status":"open","sticky":false,"template":"","format":"standard","meta":{"_exactmetrics_skip_tracking":false,"_exactmetrics_sitenote_active":false,"_exactmetrics_sitenote_note":"","_exactmetrics_sitenote_category":0,"footnotes":""},"categories":[56,10],"tags":[],"class_list":["post-23174","post","type-post","status-publish","format-standard","has-post-thumbnail","hentry","category-destaque_conselhos","category-noticias"],"_links":{"self":[{"href":"https:\/\/acrj.org.br\/index.php\/wp-json\/wp\/v2\/posts\/23174","targetHints":{"allow":["GET"]}}],"collection":[{"href":"https:\/\/acrj.org.br\/index.php\/wp-json\/wp\/v2\/posts"}],"about":[{"href":"https:\/\/acrj.org.br\/index.php\/wp-json\/wp\/v2\/types\/post"}],"author":[{"embeddable":true,"href":"https:\/\/acrj.org.br\/index.php\/wp-json\/wp\/v2\/users\/3"}],"replies":[{"embeddable":true,"href":"https:\/\/acrj.org.br\/index.php\/wp-json\/wp\/v2\/comments?post=23174"}],"version-history":[{"count":0,"href":"https:\/\/acrj.org.br\/index.php\/wp-json\/wp\/v2\/posts\/23174\/revisions"}],"wp:featuredmedia":[{"embeddable":true,"href":"https:\/\/acrj.org.br\/index.php\/wp-json\/wp\/v2\/media\/23175"}],"wp:attachment":[{"href":"https:\/\/acrj.org.br\/index.php\/wp-json\/wp\/v2\/media?parent=23174"}],"wp:term":[{"taxonomy":"category","embeddable":true,"href":"https:\/\/acrj.org.br\/index.php\/wp-json\/wp\/v2\/categories?post=23174"},{"taxonomy":"post_tag","embeddable":true,"href":"https:\/\/acrj.org.br\/index.php\/wp-json\/wp\/v2\/tags?post=23174"}],"curies":[{"name":"wp","href":"https:\/\/api.w.org\/{rel}","templated":true}]}}