{"id":23090,"date":"2024-02-16T12:20:51","date_gmt":"2024-02-16T15:20:51","guid":{"rendered":"https:\/\/acrj.org.br\/?p=23090"},"modified":"2024-04-08T20:22:46","modified_gmt":"2024-04-08T23:22:46","slug":"podcast-rj-mais-acrj-debate-seguranca-juridica","status":"publish","type":"post","link":"https:\/\/acrj.org.br\/index.php\/2024\/02\/16\/podcast-rj-mais-acrj-debate-seguranca-juridica\/","title":{"rendered":"Podcast RJ Mais Neg\u00f3cios\/ACRJ debate &#8220;Seguran\u00e7a Jur\u00eddica&#8221;"},"content":{"rendered":"\n<p>O Podcast do Centro de Neg\u00f3cios RJ Mais\/ACRJ desta semana debateu o tema \u201cSeguran\u00e7a Jur\u00eddica\u201d. Para conversar sobre este assunto foram convidados os advogados T\u00e9cio Lins e Silva, que tamb\u00e9m faz parte do Conselho Superior da Associa\u00e7\u00e3o Comercial do RJ, e Crist\u00f3v\u00e3o Marques.<\/p>\n\n\n\n<p>N\u00e3o perca! <\/p>\n\n\n\n<p>Dispon\u00edvel no Canal ACRJ Divulga no YT. <strong><a href=\"https:\/\/youtu.be\/YqxSt1u32bk\">Assista aqui<\/a><\/strong><\/p>\n","protected":false},"excerpt":{"rendered":"<p>O Podcast do Centro de Neg\u00f3cios RJ Mais\/ACRJ desta semana debateu o tema \u201cSeguran\u00e7a Jur\u00eddica\u201d. Para conversar sobre este assunto foram convidados os advogados T\u00e9cio&hellip;<\/p>\n","protected":false},"author":3,"featured_media":23091,"comment_status":"closed","ping_status":"closed","sticky":false,"template":"","format":"standard","meta":{"_exactmetrics_skip_tracking":false,"_exactmetrics_sitenote_active":false,"_exactmetrics_sitenote_note":"","_exactmetrics_sitenote_category":0,"footnotes":""},"categories":[10],"tags":[],"class_list":["post-23090","post","type-post","status-publish","format-standard","has-post-thumbnail","hentry","category-noticias"],"_links":{"self":[{"href":"https:\/\/acrj.org.br\/index.php\/wp-json\/wp\/v2\/posts\/23090","targetHints":{"allow":["GET"]}}],"collection":[{"href":"https:\/\/acrj.org.br\/index.php\/wp-json\/wp\/v2\/posts"}],"about":[{"href":"https:\/\/acrj.org.br\/index.php\/wp-json\/wp\/v2\/types\/post"}],"author":[{"embeddable":true,"href":"https:\/\/acrj.org.br\/index.php\/wp-json\/wp\/v2\/users\/3"}],"replies":[{"embeddable":true,"href":"https:\/\/acrj.org.br\/index.php\/wp-json\/wp\/v2\/comments?post=23090"}],"version-history":[{"count":0,"href":"https:\/\/acrj.org.br\/index.php\/wp-json\/wp\/v2\/posts\/23090\/revisions"}],"wp:featuredmedia":[{"embeddable":true,"href":"https:\/\/acrj.org.br\/index.php\/wp-json\/wp\/v2\/media\/23091"}],"wp:attachment":[{"href":"https:\/\/acrj.org.br\/index.php\/wp-json\/wp\/v2\/media?parent=23090"}],"wp:term":[{"taxonomy":"category","embeddable":true,"href":"https:\/\/acrj.org.br\/index.php\/wp-json\/wp\/v2\/categories?post=23090"},{"taxonomy":"post_tag","embeddable":true,"href":"https:\/\/acrj.org.br\/index.php\/wp-json\/wp\/v2\/tags?post=23090"}],"curies":[{"name":"wp","href":"https:\/\/api.w.org\/{rel}","templated":true}]}}