{"id":23057,"date":"2024-02-09T14:10:27","date_gmt":"2024-02-09T17:10:27","guid":{"rendered":"https:\/\/acrj.org.br\/?p=23057"},"modified":"2024-12-16T11:47:04","modified_gmt":"2024-12-16T14:47:04","slug":"perspectivas-do-g20-no-rio-de-janeiro-e-o-tema-da-reuniao-do-conselho-de-comex","status":"publish","type":"post","link":"https:\/\/acrj.org.br\/index.php\/2024\/02\/09\/perspectivas-do-g20-no-rio-de-janeiro-e-o-tema-da-reuniao-do-conselho-de-comex\/","title":{"rendered":"\u201cPerspectivas do G20 no Rio de Janeiro\u201d \u00e9 o tema da reuni\u00e3o do Conselho de Comex"},"content":{"rendered":"\n<p>O superintendente de Rela\u00e7\u00f5es Internacionais, da Secretaria de Estado da Casa Civil do Rio de Janeiro, Bruno Costa, participa de reuni\u00e3o na ACRJ para falar sobre \u201cPerspectivas do G20 no Rio de Janeiro &#8211; Agenda e Oportunidades\u201d. Bruno Costa \u00e9 o convidado da reuni\u00e3o do Conselho Empresarial de Rela\u00e7\u00f5es Internacionais e Com\u00e9rcio Exterior da ACRJ, que acontece dia 27 de fevereiro, \u00e0s 10h, na sede da Associa\u00e7\u00e3o Comercial, no Centro do Rio (Rua Candel\u00e1ria, 9\/12).<\/p>\n\n\n\n<p>O evento \u00e9 gratuito, com vagas limitadas. As inscri\u00e7\u00f5es devem ser feitas no link: <a href=\"https:\/\/forms.gle\/8yARKM9zRZ47UEiU8\">https:\/\/forms.gle\/8yARKM9zRZ47UEiU8<\/a><\/p>\n\n\n\n<p>Outras informa\u00e7\u00f5es: 2514-1203<\/p>\n\n\n\n<figure class=\"wp-block-image size-large is-resized\"><img fetchpriority=\"high\" decoding=\"async\" width=\"1024\" height=\"799\" src=\"https:\/\/acrj.org.br\/wp-content\/uploads\/2024\/02\/reunia0-sobre-G20-1024x799.jpeg\" alt=\"\" class=\"wp-image-23059\" style=\"width:420px;height:auto\" srcset=\"https:\/\/acrj.org.br\/wp-content\/uploads\/2024\/02\/reunia0-sobre-G20-1024x799.jpeg 1024w, https:\/\/acrj.org.br\/wp-content\/uploads\/2024\/02\/reunia0-sobre-G20-600x468.jpeg 600w, https:\/\/acrj.org.br\/wp-content\/uploads\/2024\/02\/reunia0-sobre-G20-300x234.jpeg 300w, https:\/\/acrj.org.br\/wp-content\/uploads\/2024\/02\/reunia0-sobre-G20-768x599.jpeg 768w, https:\/\/acrj.org.br\/wp-content\/uploads\/2024\/02\/reunia0-sobre-G20-1536x1198.jpeg 1536w, https:\/\/acrj.org.br\/wp-content\/uploads\/2024\/02\/reunia0-sobre-G20.jpeg 1600w\" sizes=\"(max-width: 1024px) 100vw, 1024px\" \/><\/figure>\n","protected":false},"excerpt":{"rendered":"<p>O superintendente de Rela\u00e7\u00f5es Internacionais, da Secretaria de Estado da Casa Civil do Rio de Janeiro, Bruno Costa, participa de reuni\u00e3o na ACRJ para falar&hellip;<\/p>\n","protected":false},"author":3,"featured_media":23107,"comment_status":"closed","ping_status":"open","sticky":false,"template":"","format":"standard","meta":{"_exactmetrics_skip_tracking":false,"_exactmetrics_sitenote_active":false,"_exactmetrics_sitenote_note":"","_exactmetrics_sitenote_category":0,"footnotes":""},"categories":[56,10],"tags":[],"class_list":["post-23057","post","type-post","status-publish","format-standard","has-post-thumbnail","hentry","category-destaque_conselhos","category-noticias"],"_links":{"self":[{"href":"https:\/\/acrj.org.br\/index.php\/wp-json\/wp\/v2\/posts\/23057","targetHints":{"allow":["GET"]}}],"collection":[{"href":"https:\/\/acrj.org.br\/index.php\/wp-json\/wp\/v2\/posts"}],"about":[{"href":"https:\/\/acrj.org.br\/index.php\/wp-json\/wp\/v2\/types\/post"}],"author":[{"embeddable":true,"href":"https:\/\/acrj.org.br\/index.php\/wp-json\/wp\/v2\/users\/3"}],"replies":[{"embeddable":true,"href":"https:\/\/acrj.org.br\/index.php\/wp-json\/wp\/v2\/comments?post=23057"}],"version-history":[{"count":0,"href":"https:\/\/acrj.org.br\/index.php\/wp-json\/wp\/v2\/posts\/23057\/revisions"}],"wp:featuredmedia":[{"embeddable":true,"href":"https:\/\/acrj.org.br\/index.php\/wp-json\/wp\/v2\/media\/23107"}],"wp:attachment":[{"href":"https:\/\/acrj.org.br\/index.php\/wp-json\/wp\/v2\/media?parent=23057"}],"wp:term":[{"taxonomy":"category","embeddable":true,"href":"https:\/\/acrj.org.br\/index.php\/wp-json\/wp\/v2\/categories?post=23057"},{"taxonomy":"post_tag","embeddable":true,"href":"https:\/\/acrj.org.br\/index.php\/wp-json\/wp\/v2\/tags?post=23057"}],"curies":[{"name":"wp","href":"https:\/\/api.w.org\/{rel}","templated":true}]}}