{"id":23051,"date":"2024-02-09T12:41:07","date_gmt":"2024-02-09T15:41:07","guid":{"rendered":"https:\/\/acrj.org.br\/?p=23051"},"modified":"2024-04-08T20:22:53","modified_gmt":"2024-04-08T23:22:53","slug":"podcast-rj-mais-acrj-aborda-o-carnaval-e-os-negocios","status":"publish","type":"post","link":"https:\/\/acrj.org.br\/index.php\/2024\/02\/09\/podcast-rj-mais-acrj-aborda-o-carnaval-e-os-negocios\/","title":{"rendered":"Podcast RJ Mais Neg\u00f3cios ACRJ aborda o Carnaval e os neg\u00f3cios"},"content":{"rendered":"\n<p>O Podcast do Centro de Neg\u00f3cios RJ Mais Neg\u00f3cios ACRJ recebeu esta semana C\u00e9lia Domingues e S\u00e1vio Neves para falar sobre as oportunidades de neg\u00f3cios no entorno da maior festa do mundo, o nosso Carnaval. A conversa girou em torno das etapas de prepara\u00e7\u00e3o do Carnaval e os neg\u00f3cios que se apresentam atrav\u00e9s desta festa popular para a cidade e o estado do Rio de Janeiro.<\/p>\n\n\n\n<p>C\u00e9lia \u00e9 presidente do Conselho de Comunidades e Economia solid\u00e1ria da ACRJ e da Amebras (Associa\u00e7\u00e3o de Mulheres Empreendedoras do Brasil) e S\u00e1vio \u00e9 presidente do Conselho do Ecossistema do Turismo da ACRJ e do Trem do Corcovado.<\/p>\n\n\n\n<p><strong><a href=\"https:\/\/youtu.be\/oiJnFhnXO1o\">Dispon\u00edvel no Canal ACRJ Divulga<\/a><\/strong><\/p>\n","protected":false},"excerpt":{"rendered":"<p>O Podcast do Centro de Neg\u00f3cios RJ Mais Neg\u00f3cios ACRJ recebeu esta semana C\u00e9lia Domingues e S\u00e1vio Neves para falar sobre as oportunidades de neg\u00f3cios&hellip;<\/p>\n","protected":false},"author":3,"featured_media":23873,"comment_status":"closed","ping_status":"closed","sticky":false,"template":"","format":"standard","meta":{"_exactmetrics_skip_tracking":false,"_exactmetrics_sitenote_active":false,"_exactmetrics_sitenote_note":"","_exactmetrics_sitenote_category":0,"footnotes":""},"categories":[10],"tags":[],"class_list":["post-23051","post","type-post","status-publish","format-standard","has-post-thumbnail","hentry","category-noticias"],"_links":{"self":[{"href":"https:\/\/acrj.org.br\/index.php\/wp-json\/wp\/v2\/posts\/23051","targetHints":{"allow":["GET"]}}],"collection":[{"href":"https:\/\/acrj.org.br\/index.php\/wp-json\/wp\/v2\/posts"}],"about":[{"href":"https:\/\/acrj.org.br\/index.php\/wp-json\/wp\/v2\/types\/post"}],"author":[{"embeddable":true,"href":"https:\/\/acrj.org.br\/index.php\/wp-json\/wp\/v2\/users\/3"}],"replies":[{"embeddable":true,"href":"https:\/\/acrj.org.br\/index.php\/wp-json\/wp\/v2\/comments?post=23051"}],"version-history":[{"count":0,"href":"https:\/\/acrj.org.br\/index.php\/wp-json\/wp\/v2\/posts\/23051\/revisions"}],"wp:featuredmedia":[{"embeddable":true,"href":"https:\/\/acrj.org.br\/index.php\/wp-json\/wp\/v2\/media\/23873"}],"wp:attachment":[{"href":"https:\/\/acrj.org.br\/index.php\/wp-json\/wp\/v2\/media?parent=23051"}],"wp:term":[{"taxonomy":"category","embeddable":true,"href":"https:\/\/acrj.org.br\/index.php\/wp-json\/wp\/v2\/categories?post=23051"},{"taxonomy":"post_tag","embeddable":true,"href":"https:\/\/acrj.org.br\/index.php\/wp-json\/wp\/v2\/tags?post=23051"}],"curies":[{"name":"wp","href":"https:\/\/api.w.org\/{rel}","templated":true}]}}