{"id":22955,"date":"2024-02-07T11:02:24","date_gmt":"2024-02-07T14:02:24","guid":{"rendered":"https:\/\/acrj.org.br\/?p=22955"},"modified":"2024-12-16T11:47:39","modified_gmt":"2024-12-16T14:47:39","slug":"proposicoes-para-o-centro-do-rio-sao-tema-de-debate-no-conselho-de-seguranca-e-ordem-publica","status":"publish","type":"post","link":"https:\/\/acrj.org.br\/index.php\/2024\/02\/07\/proposicoes-para-o-centro-do-rio-sao-tema-de-debate-no-conselho-de-seguranca-e-ordem-publica\/","title":{"rendered":"Proposi\u00e7\u00f5es para o Centro do Rio s\u00e3o tema de debate no Conselho de Seguran\u00e7a e Ordem P\u00fablica"},"content":{"rendered":"\n<p>O Centro do Rio foi um dos temas centrais da reuni\u00e3o do Conselho Empresarial de Seguran\u00e7a e Ordem P\u00fablica da ACRJ, realizada dia 5 de fevereiro, que contou com a presen\u00e7a do presidente Josier Vilar. O presidente do Conselho, Ricardo Ribas, e o vice, Fernando Veloso, receberam a presidente do Conselho de Renova\u00e7\u00e3o do Centro do Rio, Maria Izabel Castro de Souza, e o presidente da Alian\u00e7a Centro Rio, Marcelo Haddad.<\/p>\n\n\n\n<p>Ap\u00f3s o relato detalhado da presidente Maria Izabel sobre os principais problemas do Centro do Rio, e pela urg\u00eancia nas solu\u00e7\u00f5es, o presidente Ribas anunciou que os dois Conselhos far\u00e3o um documento conjunto, com propostas concretas e objetivas, para apresentar \u00e0s autoridades municipais e estaduais, incluindo as Pol\u00edcias Civil e Militar, al\u00e9m da Guarda Municipal. Uma reuni\u00e3o ser\u00e1 marcada logo ap\u00f3s o carnaval para a constru\u00e7\u00e3o dessas propostas.<\/p>\n\n\n\n<p>\u201cO Centro passa por um processo de esvaziamento econ\u00f4mico cr\u00f4nico por quest\u00f5es diversas, que v\u00e3o al\u00e9m da seguran\u00e7a. Ainda assim, \u00e9 respons\u00e1vel por 70% do PIB do estado do Rio. No entanto, n\u00e3o \u00e9 mais o respons\u00e1vel pela maior empregabilidade\u201d, disse Maria Izabel.<\/p>\n\n\n\n<p>Ela lembrou que a regi\u00e3o \u00e9 hoje \u201ca primeira \u00e1rea de excel\u00eancia fiscal urbana do pa\u00eds\u201d, citando a aprova\u00e7\u00e3o da Lei 9722\/22, que trata sobre a redu\u00e7\u00e3o do ICMS para 12% para os pr\u00f3ximos 10 anos. E chamou a aten\u00e7\u00e3o para outras quest\u00f5es importantes, como a posse e a ocupa\u00e7\u00e3o de im\u00f3veis e o funcionamento dos ferros velhos no Centro. Os empres\u00e1rios acreditam que este \u00faltimo \u00e9 um est\u00edmulo para os casos recorrentes de furto de material met\u00e1lico que s\u00e3o facilmente comercializados na regi\u00e3o. \u201cO problema do Centro, al\u00e9m da seguran\u00e7a, \u00e9 a quest\u00e3o fundi\u00e1ria. Sem um olhar para esta quest\u00e3o pouco vamos avan\u00e7ar. N\u00e3o se resolve a reocupa\u00e7\u00e3o do Centro combatendo o camel\u00f4, mas estimulando a formalidade\u201d, afirmou.<\/p>\n\n\n\n<p>O presidente Ribas reafirmou, nesta ocasi\u00e3o, o compromisso do Conselho Empresarial de Seguran\u00e7a e Ordem P\u00fablica com iniciativas de curto, m\u00e9dio e longo prazo. &#8220;Vamos pensar juntos em proposi\u00e7\u00f5es para o Centro do Rio que o transforme em um territ\u00f3rio seguro para se empreender, trabalhar, visitar e morar. Sem perder de vista temas relevantes e causais para o m\u00e9dio e longo prazo da seguran\u00e7a e ordem p\u00fablica em todo o Estado do Rio de Janeiro. Nosso programa aprovado para o primeiro semestre de 2024 inclui, al\u00e9m dos movimentos relacionados com o Centro do Rio, um di\u00e1logo sobre a quest\u00e3o penal envolvendo Crimes Violentos contra a Pessoa e um Simp\u00f3sio sobre a quest\u00e3o do trabalho dentro do Sistema Prisional do Estado&#8221;, acrescentou.<\/p>\n\n\n\n<figure class=\"wp-block-image size-full is-resized\"><img fetchpriority=\"high\" decoding=\"async\" width=\"570\" height=\"321\" src=\"https:\/\/acrj.org.br\/wp-content\/uploads\/2024\/02\/josier.jpg\" alt=\"\" class=\"wp-image-22957\" style=\"width:452px;height:auto\" srcset=\"https:\/\/acrj.org.br\/wp-content\/uploads\/2024\/02\/josier.jpg 570w, https:\/\/acrj.org.br\/wp-content\/uploads\/2024\/02\/josier-300x169.jpg 300w\" sizes=\"(max-width: 570px) 100vw, 570px\" \/><figcaption class=\"wp-element-caption\">Presidente Josier Vilar participou da reuni\u00e3o<\/figcaption><\/figure>\n\n\n\n<figure class=\"wp-block-image size-large is-resized\"><img decoding=\"async\" width=\"1024\" height=\"576\" src=\"https:\/\/acrj.org.br\/wp-content\/uploads\/2024\/02\/ribas-1024x576.jpg\" alt=\"\" class=\"wp-image-22958\" style=\"width:452px;height:auto\" srcset=\"https:\/\/acrj.org.br\/wp-content\/uploads\/2024\/02\/ribas-1024x576.jpg 1024w, https:\/\/acrj.org.br\/wp-content\/uploads\/2024\/02\/ribas-600x337.jpg 600w, https:\/\/acrj.org.br\/wp-content\/uploads\/2024\/02\/ribas-300x169.jpg 300w, https:\/\/acrj.org.br\/wp-content\/uploads\/2024\/02\/ribas-768x432.jpg 768w, https:\/\/acrj.org.br\/wp-content\/uploads\/2024\/02\/ribas.jpg 1055w\" sizes=\"(max-width: 1024px) 100vw, 1024px\" \/><figcaption class=\"wp-element-caption\">Ricardo Ribas fala sobre o trabalho em conjunto dos Conselhos<\/figcaption><\/figure>\n","protected":false},"excerpt":{"rendered":"<p>O Centro do Rio foi um dos temas centrais da reuni\u00e3o do Conselho Empresarial de Seguran\u00e7a e Ordem P\u00fablica da ACRJ, realizada dia 5 de&hellip;<\/p>\n","protected":false},"author":3,"featured_media":22956,"comment_status":"closed","ping_status":"open","sticky":false,"template":"","format":"standard","meta":{"_exactmetrics_skip_tracking":false,"_exactmetrics_sitenote_active":false,"_exactmetrics_sitenote_note":"","_exactmetrics_sitenote_category":0,"footnotes":""},"categories":[56,10],"tags":[],"class_list":["post-22955","post","type-post","status-publish","format-standard","has-post-thumbnail","hentry","category-destaque_conselhos","category-noticias"],"_links":{"self":[{"href":"https:\/\/acrj.org.br\/index.php\/wp-json\/wp\/v2\/posts\/22955","targetHints":{"allow":["GET"]}}],"collection":[{"href":"https:\/\/acrj.org.br\/index.php\/wp-json\/wp\/v2\/posts"}],"about":[{"href":"https:\/\/acrj.org.br\/index.php\/wp-json\/wp\/v2\/types\/post"}],"author":[{"embeddable":true,"href":"https:\/\/acrj.org.br\/index.php\/wp-json\/wp\/v2\/users\/3"}],"replies":[{"embeddable":true,"href":"https:\/\/acrj.org.br\/index.php\/wp-json\/wp\/v2\/comments?post=22955"}],"version-history":[{"count":0,"href":"https:\/\/acrj.org.br\/index.php\/wp-json\/wp\/v2\/posts\/22955\/revisions"}],"wp:featuredmedia":[{"embeddable":true,"href":"https:\/\/acrj.org.br\/index.php\/wp-json\/wp\/v2\/media\/22956"}],"wp:attachment":[{"href":"https:\/\/acrj.org.br\/index.php\/wp-json\/wp\/v2\/media?parent=22955"}],"wp:term":[{"taxonomy":"category","embeddable":true,"href":"https:\/\/acrj.org.br\/index.php\/wp-json\/wp\/v2\/categories?post=22955"},{"taxonomy":"post_tag","embeddable":true,"href":"https:\/\/acrj.org.br\/index.php\/wp-json\/wp\/v2\/tags?post=22955"}],"curies":[{"name":"wp","href":"https:\/\/api.w.org\/{rel}","templated":true}]}}