{"id":22820,"date":"2024-02-01T11:19:01","date_gmt":"2024-02-01T14:19:01","guid":{"rendered":"https:\/\/acrj.org.br\/?p=22820"},"modified":"2024-12-16T11:48:09","modified_gmt":"2024-12-16T14:48:09","slug":"conselho-da-longevidade-define-temas-para-atuacao-em-2024","status":"publish","type":"post","link":"https:\/\/acrj.org.br\/index.php\/2024\/02\/01\/conselho-da-longevidade-define-temas-para-atuacao-em-2024\/","title":{"rendered":"Conselho da Longevidade define temas para atua\u00e7\u00e3o em 2024"},"content":{"rendered":"\n<p>O Conselho Empresarial do Ecossistema da Longevidade (CEEL) da ACRJ realizou sua primeira reuni\u00e3o do ano no dia 30 de janeiro, e definiu alguns temas para atua\u00e7\u00e3o em 2024. S\u00e3o eles, as reuni\u00f5es do G20 que acontecer\u00e3o no Rio de Janeiro, o Projeto Cal\u00e7adas e o Programa Empreendedor S\u00eanior.<\/p>\n\n\n\n<p>Al\u00e9m disso, o conselheiro Fernando Potsch sugeriu que seja apresentada ao presidente da ACRJ, Josier Vilar, a proposta de organiza\u00e7\u00e3o de um evento com os demais Conselhos da ACRJ. \u201cNeste encontro desejamos mostrar os desafios que as empresas, o Estado e a popula\u00e7\u00e3o em geral enfrentar\u00e3o com o envelhecimento populacional. E como todos os projetos, que porventura estejam na pauta dos Conselhos da Associa\u00e7\u00e3o Comercial, dever\u00e3o ter uma vertente e um olhar para o p\u00fablico acima de 60\u201d, explicou Carlos Molina.<\/p>\n\n\n\n<p>Sobre as reuni\u00f5es do G-20, foi informado que, em reuni\u00e3o anterior, o conselheiro Paulo Prot\u00e1sio prop\u00f4s que o tema longevidade\/envelhecimento populacional fa\u00e7a parte da agenda de reuni\u00f5es do grupo. De acordo com Molina, em apenas duas reuni\u00f5es do G-20 esta assunto foi abordado. \u201cA ideia de incluir, e como viabilizar, o tema em reuni\u00f5es paralelas ao evento ser\u00e1 aprofundada pelo Conselho\u201d, disse.<\/p>\n\n\n\n<p>Tamb\u00e9m foi discutido o projeto de revitaliza\u00e7\u00e3o das cal\u00e7adas, que ser\u00e1 apresentado \u00e0 presid\u00eancia da ACRJ e posteriormente para a Administra\u00e7\u00e3o P\u00fablica municipal, C\u00e2mara de Vereadores e o Governo do Estado para aprova\u00e7\u00e3o e futura implementa\u00e7\u00e3o.<\/p>\n\n\n\n<p>O Programa Empreendedor S\u00eanior, sugerido pela conselheira Marta Arakaki, pretende criar as condi\u00e7\u00f5es para que pessoas acima de 60 possam tornar-se empreendedores. \u201cTrata-se de um tema de vital import\u00e2ncia o qual poder\u00e1 se apoiar na Loja do Empres\u00e1rio, uma iniciativa que a ACRJ pretende implementar\u201d, disse a conselheira.<\/p>\n\n\n\n<p>A reuni\u00e3o contou ainda com a presen\u00e7a da representante da Secretaria de Estado de Juventude e Envelhecimento Saud\u00e1vel, Patr\u00edcia Soares, que vai apresentar uma pesquisa realizada com pessoas com mais de 60 anos sobre as dificuldades que passam ou passaram para empreender. Patr\u00edcia foi convidada para se tornar conselheira e informou que gostaria de convidar o secret\u00e1rio Alexandre Isquierdo e o superintendente L\u00edcia Mattesco para participar da pr\u00f3xima reuni\u00e3o a fim de conhecer as propostas de trabalho do Conselho.<\/p>\n\n\n\n<p>Ao final da reuni\u00e3o, os conselheiros Helena Monteiro e Fernando Potsch foram diplomados.<\/p>\n\n\n\n<div class=\"wp-block-columns is-layout-flex wp-container-core-columns-is-layout-9d6595d7 wp-block-columns-is-layout-flex\">\n<div class=\"wp-block-column is-layout-flow wp-block-column-is-layout-flow\">\n<figure class=\"wp-block-image size-full is-resized\"><img fetchpriority=\"high\" decoding=\"async\" width=\"994\" height=\"762\" src=\"https:\/\/acrj.org.br\/wp-content\/uploads\/2024\/02\/helena.jpeg\" alt=\"\" class=\"wp-image-22828\" style=\"width:367px;height:auto\" srcset=\"https:\/\/acrj.org.br\/wp-content\/uploads\/2024\/02\/helena.jpeg 994w, https:\/\/acrj.org.br\/wp-content\/uploads\/2024\/02\/helena-600x460.jpeg 600w, https:\/\/acrj.org.br\/wp-content\/uploads\/2024\/02\/helena-300x230.jpeg 300w, https:\/\/acrj.org.br\/wp-content\/uploads\/2024\/02\/helena-768x589.jpeg 768w\" sizes=\"(max-width: 994px) 100vw, 994px\" \/><figcaption class=\"wp-element-caption\">Helena Monteiro <\/figcaption><\/figure>\n<\/div>\n\n\n\n<div class=\"wp-block-column is-layout-flow wp-block-column-is-layout-flow\">\n<figure class=\"wp-block-image size-large is-resized\"><img decoding=\"async\" width=\"1024\" height=\"751\" src=\"https:\/\/acrj.org.br\/wp-content\/uploads\/2024\/02\/fernando-1024x751.jpeg\" alt=\"\" class=\"wp-image-22829\" style=\"width:382px;height:auto\" srcset=\"https:\/\/acrj.org.br\/wp-content\/uploads\/2024\/02\/fernando-1024x751.jpeg 1024w, https:\/\/acrj.org.br\/wp-content\/uploads\/2024\/02\/fernando-600x440.jpeg 600w, https:\/\/acrj.org.br\/wp-content\/uploads\/2024\/02\/fernando-300x220.jpeg 300w, https:\/\/acrj.org.br\/wp-content\/uploads\/2024\/02\/fernando-768x563.jpeg 768w, https:\/\/acrj.org.br\/wp-content\/uploads\/2024\/02\/fernando.jpeg 1130w\" sizes=\"(max-width: 1024px) 100vw, 1024px\" \/><figcaption class=\"wp-element-caption\">Fernando Potsch<\/figcaption><\/figure>\n<\/div>\n<\/div>\n","protected":false},"excerpt":{"rendered":"<p>O Conselho Empresarial do Ecossistema da Longevidade (CEEL) da ACRJ realizou sua primeira reuni\u00e3o do ano no dia 30 de janeiro, e definiu alguns temas&hellip;<\/p>\n","protected":false},"author":3,"featured_media":22822,"comment_status":"closed","ping_status":"closed","sticky":false,"template":"","format":"standard","meta":{"_exactmetrics_skip_tracking":false,"_exactmetrics_sitenote_active":false,"_exactmetrics_sitenote_note":"","_exactmetrics_sitenote_category":0,"footnotes":""},"categories":[56,10],"tags":[],"class_list":["post-22820","post","type-post","status-publish","format-standard","has-post-thumbnail","hentry","category-destaque_conselhos","category-noticias"],"_links":{"self":[{"href":"https:\/\/acrj.org.br\/index.php\/wp-json\/wp\/v2\/posts\/22820","targetHints":{"allow":["GET"]}}],"collection":[{"href":"https:\/\/acrj.org.br\/index.php\/wp-json\/wp\/v2\/posts"}],"about":[{"href":"https:\/\/acrj.org.br\/index.php\/wp-json\/wp\/v2\/types\/post"}],"author":[{"embeddable":true,"href":"https:\/\/acrj.org.br\/index.php\/wp-json\/wp\/v2\/users\/3"}],"replies":[{"embeddable":true,"href":"https:\/\/acrj.org.br\/index.php\/wp-json\/wp\/v2\/comments?post=22820"}],"version-history":[{"count":0,"href":"https:\/\/acrj.org.br\/index.php\/wp-json\/wp\/v2\/posts\/22820\/revisions"}],"wp:featuredmedia":[{"embeddable":true,"href":"https:\/\/acrj.org.br\/index.php\/wp-json\/wp\/v2\/media\/22822"}],"wp:attachment":[{"href":"https:\/\/acrj.org.br\/index.php\/wp-json\/wp\/v2\/media?parent=22820"}],"wp:term":[{"taxonomy":"category","embeddable":true,"href":"https:\/\/acrj.org.br\/index.php\/wp-json\/wp\/v2\/categories?post=22820"},{"taxonomy":"post_tag","embeddable":true,"href":"https:\/\/acrj.org.br\/index.php\/wp-json\/wp\/v2\/tags?post=22820"}],"curies":[{"name":"wp","href":"https:\/\/api.w.org\/{rel}","templated":true}]}}