{"id":2277,"date":"2019-03-22T14:37:00","date_gmt":"2019-03-22T17:37:00","guid":{"rendered":"http:\/\/acrj2020.profissional.ws\/?p=2277"},"modified":"2020-02-29T14:38:21","modified_gmt":"2020-02-29T17:38:21","slug":"ce-de-politica-e-comercio-exterior-recebe-o-embaixador-marcos-castrioto-de-azambuja","status":"publish","type":"post","link":"https:\/\/acrj.org.br\/index.php\/2019\/03\/22\/ce-de-politica-e-comercio-exterior-recebe-o-embaixador-marcos-castrioto-de-azambuja\/","title":{"rendered":"CE de Pol\u00edtica e Com\u00e9rcio Exterior recebe o Embaixador Marcos Castrioto de Azambuja"},"content":{"rendered":"\n<p>Por detr\u00e1s dos gestos eloquentes e do olhar que revela um perene bom humor, as palavras do Embaixador Marcos Castrioto de Azambuja s\u00e3o providas de pragmatismo e sensatez, e fluem em uma linha de racioc\u00ednio de opini\u00f5es precisas. \u201cEstamos vivendo em um momento de transi\u00e7\u00e3o. H\u00e1 uma imensa mudan\u00e7a nas regras do jogo\u201d, disse, sintetizando o pensamento desdobrado durante sua apresenta\u00e7\u00e3o. Em sua palestra para o Conselho Empresarial de Pol\u00edtica e Com\u00e9rcio Exterior, no dia 20 de mar\u00e7o, o diplomata falou aos Conselheiros sobre as mudan\u00e7as geopol\u00edticas no mundo e suas implica\u00e7\u00f5es na Am\u00e9rica Latina.<\/p>\n\n\n\n<p>\u201cVivemos em um mundo no qual ainda n\u00e3o h\u00e1 um r\u00f3tulo definido. E essas mudan\u00e7as impactam na geopol\u00edtica\u201d. De acordo com o diplomata, que j\u00e1 foi embaixador do Brasil na Fran\u00e7a, na Argentina, Secret\u00e1rio-Geral do Itamaraty entre outros cargos de prest\u00edgio ao longo dos anos, \u201cainda n\u00e3o possu\u00edmos as ferramentas necess\u00e1rias para atuarmos nesse novo cen\u00e1rio\u201d.<\/p>\n\n\n\n<p>Esse quadro que se apresenta seria definido, segundo ele, pelo veloz e inexor\u00e1vel avan\u00e7o das novas tecnologias de comunica\u00e7\u00e3o e ao impasse at\u00f4mico entre as grandes pot\u00eancias. \u201cSe n\u00e3o houvesse as armas nucleares, j\u00e1 estar\u00edamos na Quarta Guerra Mundial. Vivemos protegidos pelo terror causado pelas armas de destrui\u00e7\u00e3o em massa. Elas elevaram os riscos de um conflito a um custo proibitivo.\u201d<\/p>\n\n\n\n<p>O diplomata tamb\u00e9m conectou o acesso facilitado \u00e0s ferramentas comunicacionais da atualidade ao fluxo de migra\u00e7\u00e3o mais intenso dos \u00faltimos anos, identificado principalmente na Europa e EUA. \u201cSempre houve o processo de migra\u00e7\u00e3o, mas hoje, do seu celular, a pessoa no Zimb\u00e1bue tem a consci\u00eancia de que a vida em Estocolmo \u00e9 melhor. E isso ocorre ao mesmo tempo em que lugares como a Europa sofrem com a falta de m\u00e3o de obra acarretada pela diminui\u00e7\u00e3o da taxa de natalidade. Ou seja, a Europa precisa desses trabalhadores que eles mesmos desprezam. Queremos que as tecnologias se movam, mas as pessoas n\u00e3o.\u201d<\/p>\n\n\n\n<p><strong>Brasil<\/strong><\/p>\n\n\n\n<p>Nesse momento de r\u00e1pidas mudan\u00e7as pelo mundo impulsionadas pelo avan\u00e7o tecnol\u00f3gico, Azambuja observou o papel do Brasil nesse contexto. \u201cO Brasil \u00e9 uma hist\u00f3ria de demoras. A chegada do pa\u00eds na Segunda Guerra s\u00f3 se deu ao final do conflito, o fim da escravid\u00e3o foi tardio, etc.. Nessa \u00e9poca de acelera\u00e7\u00e3o do mundo, corremos o risco de ficarmos ainda mais para tr\u00e1s. Estamos defasados.\u201d<\/p>\n\n\n\n<p>Ele comentou tamb\u00e9m sobre o encontro do presidente Jair Bolsonaro com o presidente dos EUA, Donald Trump, na Casa Branca, que ocorrera no dia anterior a sua palestra na ACRJ. \u201cOntem, vislumbramos um exerc\u00edcio que violou todos os c\u00e2nones do meu tempo. E \u00e9 natural que isso ocorra. Este \u00e9 um mundo novo, onde ningu\u00e9m tem no\u00e7\u00e3o do que vem pela frente. \u00c9 um momento de perplexidade e incertezas, mas a humanidade n\u00e3o quer isso. Queremos sim aventuras, mas queremos sempre voltar \u00e0 seguran\u00e7a\u201d, afirmou.<\/p>\n\n\n\n<p><strong>Venezuela&nbsp;<\/strong><\/p>\n\n\n\n<p>De acordo com o diplomata, a situa\u00e7\u00e3o da Venezuela \u00e9 \u201can\u00f4mala\u201d. \u201cVoc\u00ea n\u00e3o pode ter 98% da sua exporta\u00e7\u00e3o baseada em apenas um produto. A Venezuela virou um posto de servi\u00e7o! Ch\u00e1vez era um l\u00edder carism\u00e1tico, mas o problema dos l\u00edderes carism\u00e1ticos \u00e9 que carisma n\u00e3o \u00e9 uma caracter\u00edstica heredit\u00e1ria. O que ocorre na Venezuela hoje afeta at\u00e9 a pol\u00edtica interna dos EUA, sobretudo na Fl\u00f3rida. O senador Marco Rubio, por exemplo, percebeu isso. Ele vai tentar trazer o eleitorado cubano e venezuelano insatisfeito com seus pa\u00edses para se fortalecer\u201d, afirmou Azambuja. O senador republicano j\u00e1 afirmou que n\u00e3o pretende concorrer contra Trump nas prim\u00e1rias do Partido Republicano. Por\u00e9m, o pol\u00edtico vem buscando ganhar protagonismo no partido.<\/p>\n\n\n\n<p>\u201cO Brasil tem todo o direito de questionar a legitimidade de Nicol\u00e1s Maduro, e n\u00e3o deve dar nenhum passo al\u00e9m disso. O governo faz muito bem em dizer que a Venezuela n\u00e3o \u00e9 uma democracia, mas deve ter muito cuidado para n\u00e3o se tornar um instrumento de interven\u00e7\u00e3o externa\u201d, observou.<\/p>\n\n\n\n<p><strong>OCDE<\/strong><\/p>\n\n\n\n<p>Azambuja tamb\u00e9m falou da poss\u00edvel entrada do pa\u00eds na Organiza\u00e7\u00e3o para a Coopera\u00e7\u00e3o e Desenvolvimento Econ\u00f4mico (OCDE). O governo dos EUA declarou apoiar a entrada do Brasil no grupo, desde que o pa\u00eds abandone o status de \u201cpa\u00eds em desenvolvimento\u201d na Organiza\u00e7\u00e3o Mundial do Com\u00e9rcio (OMC). \u201c\u00c9 prestigiosa a posi\u00e7\u00e3o na OCDE. Ser membro do grupo oferece vantagens claras, voc\u00ea \u00e9 visto como um pa\u00eds confi\u00e1vel, mas tenho a impress\u00e3o de que perde mais do que ganha. De qualquer forma, o que n\u00e3o \u00e9 poss\u00edvel \u00e9 voc\u00ea adentrar o jardim da Casa Branca e tomar essa decis\u00e3o. Para alguns pa\u00edses, a entrada na OCDE foi muito importante, mas n\u00e3o abdicaram do status de economia em desenvolvimento. Sou a favor da entrada do Brasil, mas n\u00e3o quero que queimemos as pontes com a OMC e nem que abandonemos o status de economia em desenvolvimento. O que eu realmente queria era uma negocia\u00e7\u00e3o dos pa\u00edses do BRICS e que eles entrassem juntos no grupo.\u201d<\/p>\n\n\n\n<p><strong>OTAN<\/strong><\/p>\n\n\n\n<p>\u201cO Brasil entrar na Organiza\u00e7\u00e3o do Tratado do Atl\u00e2ntico Norte (OTAN) \u00e9 um disparate. Basta ver o nome do grupo. A entrada do pa\u00eds nessa organiza\u00e7\u00e3o representa entrar em um clube que n\u00e3o \u00e9 seu. Tenho muita desconfian\u00e7a de algo que massageia o seu ego de forma superficial. Nessa reuni\u00e3o (entre Bolsonaro e Trump) parece que houve um certo encantamento do presidente brasileiro, com toda a pompa e circunst\u00e2ncia, como se dissesse, \u2018olha eu aqui!\u201d<\/p>\n\n\n\n<p><strong>Brexit<\/strong><\/p>\n\n\n\n<p>\u201cFoi uma trapalhada. A vota\u00e7\u00e3o do plebiscito do Brexit foi uma tentativa do ent\u00e3o primeiro-ministro James Cameron de conquistar uma revalida\u00e7\u00e3o e se fortalecer no Parlamento Brit\u00e2nico, mas que deu errado. Ele tinha certeza da vit\u00f3ria, que n\u00e3o aconteceu. Al\u00e9m disso, a Inglaterra ainda pode motivar outros pa\u00edses do bloco da Uni\u00e3o Europeia a fazerem o mesmo, em um momento em que a China fica cada vez mais consolidada.\u201d<\/p>\n\n\n\n<p>O palestrante encerrou afirmando: \u201cSou um conservador econ\u00f4mico, tenho horror \u00e0 irresponsabilidade. Em mat\u00e9ria cultural sou um progressista, e no campo pol\u00edtico sou um pragm\u00e1tico. Isto, por\u00e9m, \u00e9 a ant\u00edtese do que vem ocorrendo\u201d. Apesar da preocupa\u00e7\u00e3o com o futuro incerto e das cr\u00edticas que ele possa ter feito, Azambuja demonstrou certo otimismo. \u201cNossa equipe econ\u00f4mica \u00e9 boa. E considero que a corrup\u00e7\u00e3o est\u00e1, de alguma forma, controlada\u201d, e arrematou: \u201cO principal ativo do Brasil nesse novo cen\u00e1rio internacional \u00e9 seu tamanho. E no caso do Brasil, tamanho \u00e9 documento.\u201d<\/p>\n","protected":false},"excerpt":{"rendered":"<p>Por detr\u00e1s dos gestos eloquentes e do olhar que revela um perene bom humor, as palavras do Embaixador Marcos Castrioto de Azambuja s\u00e3o providas de&hellip;<\/p>\n","protected":false},"author":1,"featured_media":2278,"comment_status":"closed","ping_status":"open","sticky":false,"template":"","format":"standard","meta":{"_exactmetrics_skip_tracking":false,"_exactmetrics_sitenote_active":false,"_exactmetrics_sitenote_note":"","_exactmetrics_sitenote_category":0,"footnotes":""},"categories":[10],"tags":[],"class_list":["post-2277","post","type-post","status-publish","format-standard","has-post-thumbnail","hentry","category-noticias"],"_links":{"self":[{"href":"https:\/\/acrj.org.br\/index.php\/wp-json\/wp\/v2\/posts\/2277","targetHints":{"allow":["GET"]}}],"collection":[{"href":"https:\/\/acrj.org.br\/index.php\/wp-json\/wp\/v2\/posts"}],"about":[{"href":"https:\/\/acrj.org.br\/index.php\/wp-json\/wp\/v2\/types\/post"}],"author":[{"embeddable":true,"href":"https:\/\/acrj.org.br\/index.php\/wp-json\/wp\/v2\/users\/1"}],"replies":[{"embeddable":true,"href":"https:\/\/acrj.org.br\/index.php\/wp-json\/wp\/v2\/comments?post=2277"}],"version-history":[{"count":0,"href":"https:\/\/acrj.org.br\/index.php\/wp-json\/wp\/v2\/posts\/2277\/revisions"}],"wp:featuredmedia":[{"embeddable":true,"href":"https:\/\/acrj.org.br\/index.php\/wp-json\/wp\/v2\/media\/2278"}],"wp:attachment":[{"href":"https:\/\/acrj.org.br\/index.php\/wp-json\/wp\/v2\/media?parent=2277"}],"wp:term":[{"taxonomy":"category","embeddable":true,"href":"https:\/\/acrj.org.br\/index.php\/wp-json\/wp\/v2\/categories?post=2277"},{"taxonomy":"post_tag","embeddable":true,"href":"https:\/\/acrj.org.br\/index.php\/wp-json\/wp\/v2\/tags?post=2277"}],"curies":[{"name":"wp","href":"https:\/\/api.w.org\/{rel}","templated":true}]}}