{"id":22685,"date":"2024-01-25T11:55:35","date_gmt":"2024-01-25T14:55:35","guid":{"rendered":"https:\/\/acrj.org.br\/?p=22685"},"modified":"2024-01-25T11:58:07","modified_gmt":"2024-01-25T14:58:07","slug":"josier-vilar-recebe-o-titulo-de-embaixador-do-turismo-do-rio-de-janeiro","status":"publish","type":"post","link":"https:\/\/acrj.org.br\/index.php\/2024\/01\/25\/josier-vilar-recebe-o-titulo-de-embaixador-do-turismo-do-rio-de-janeiro\/","title":{"rendered":"Josier Vilar recebe o t\u00edtulo de Embaixador do Turismo do Rio de Janeiro"},"content":{"rendered":"\n<p>O presidente da ACRJ, Josier Vilar, recebeu o t\u00edtulo de Embaixador do Turismo do Rio de Janeiro, em cerim\u00f4nia realizada dia 24 de janeiro, na sede da Sociedade Nacional de Agricultura (SNA), no Rio de Janeiro. Anualmente, um grupo de personalidades \u00e9 escolhido por um j\u00fari plural, que nesta edi\u00e7\u00e3o foi presidido por Edmar Figueiredo, presidente da Associa\u00e7\u00e3o dos Correspondentes Estrangeiros.<\/p>\n\n\n\n<p>\u201c\u00c9 uma homenagem prestada a pessoas e n\u00e3o entidades. O trabalho de cada uma delas, em fun\u00e7\u00e3o de suas profiss\u00f5es e suas atividades, contribui de forma espont\u00e2nea para nosso Turismo\u201d, disse Bayard Boiteux, criador e coordenador do programa Embaixadores de Turismo do RJ. \u201cA nomea\u00e7\u00e3o vem\u00a0carregada\u00a0de pluralidade e diversidade trazendo muita esperan\u00e7a para uma constante avalia\u00e7\u00e3o, de forma cr\u00edtica, mas tamb\u00e9m enaltecendo tantas a\u00e7\u00f5es criativas e solid\u00e1rias, que ajudam a propagar uma imagem institucional positiva de nosso Estado, nos mercados emissores nacionais e internacionais\u201d, acrescentou Boiteux.<\/p>\n\n\n\n<p>O evento, uma iniciativa da Associa\u00e7\u00e3o dos Embaixadores do Turismo do RJ, foi prestigiado pelo presidente do Conselho Superior da ACRJ, Ruy Barreto Filho, e pelas Embaixadoras do Turismo, C\u00e9lia Domingues, presidente do Conselho de Comunidades, Novos Neg\u00f3cios e Economia Solid\u00e1ria, e Maria Luiza Nobre de Almeida, vice-presidente do Conselho de Turismo.<\/p>\n\n\n\n<p>Este ano, al\u00e9m de Josier Vilar, mais 22 personalidades de v\u00e1rias \u00e1reas foram escolhidas como Embaixadores do Turismo do Rio. A lista completa e todas as informa\u00e7\u00f5es sobre a Associa\u00e7\u00e3o dos Embaixadores do Turismo do Rio est\u00e3o dispon\u00edveis no site <a href=\"https:\/\/www.embaixadoresdorio.com.br\/\">https:\/\/www.embaixadoresdorio.com.br\/<\/a>\u00a0 .<\/p>\n\n\n\n<figure class=\"wp-block-image size-large is-resized\"><img fetchpriority=\"high\" decoding=\"async\" width=\"1024\" height=\"768\" src=\"https:\/\/acrj.org.br\/wp-content\/uploads\/2024\/01\/celia-e-ruy-edited-1024x768.jpg\" alt=\"\" class=\"wp-image-22689\" style=\"width:407px;height:auto\" srcset=\"https:\/\/acrj.org.br\/wp-content\/uploads\/2024\/01\/celia-e-ruy-edited-1024x768.jpg 1024w, https:\/\/acrj.org.br\/wp-content\/uploads\/2024\/01\/celia-e-ruy-edited-scaled-600x450.jpg 600w, https:\/\/acrj.org.br\/wp-content\/uploads\/2024\/01\/celia-e-ruy-edited-300x225.jpg 300w, https:\/\/acrj.org.br\/wp-content\/uploads\/2024\/01\/celia-e-ruy-edited-768x576.jpg 768w, https:\/\/acrj.org.br\/wp-content\/uploads\/2024\/01\/celia-e-ruy-edited-1536x1152.jpg 1536w, https:\/\/acrj.org.br\/wp-content\/uploads\/2024\/01\/celia-e-ruy-edited-2048x1536.jpg 2048w\" sizes=\"(max-width: 1024px) 100vw, 1024px\" \/><figcaption class=\"wp-element-caption\">Celia Domingues e Ruy Barreto Filho com Josier Vilar<\/figcaption><\/figure>\n","protected":false},"excerpt":{"rendered":"<p>O presidente da ACRJ, Josier Vilar, recebeu o t\u00edtulo de Embaixador do Turismo do Rio de Janeiro, em cerim\u00f4nia realizada dia 24 de janeiro, na&hellip;<\/p>\n","protected":false},"author":3,"featured_media":22686,"comment_status":"closed","ping_status":"open","sticky":false,"template":"","format":"standard","meta":{"_exactmetrics_skip_tracking":false,"_exactmetrics_sitenote_active":false,"_exactmetrics_sitenote_note":"","_exactmetrics_sitenote_category":0,"footnotes":""},"categories":[6],"tags":[],"class_list":["post-22685","post","type-post","status-publish","format-standard","has-post-thumbnail","hentry","category-destaque_noticias"],"_links":{"self":[{"href":"https:\/\/acrj.org.br\/index.php\/wp-json\/wp\/v2\/posts\/22685","targetHints":{"allow":["GET"]}}],"collection":[{"href":"https:\/\/acrj.org.br\/index.php\/wp-json\/wp\/v2\/posts"}],"about":[{"href":"https:\/\/acrj.org.br\/index.php\/wp-json\/wp\/v2\/types\/post"}],"author":[{"embeddable":true,"href":"https:\/\/acrj.org.br\/index.php\/wp-json\/wp\/v2\/users\/3"}],"replies":[{"embeddable":true,"href":"https:\/\/acrj.org.br\/index.php\/wp-json\/wp\/v2\/comments?post=22685"}],"version-history":[{"count":0,"href":"https:\/\/acrj.org.br\/index.php\/wp-json\/wp\/v2\/posts\/22685\/revisions"}],"wp:featuredmedia":[{"embeddable":true,"href":"https:\/\/acrj.org.br\/index.php\/wp-json\/wp\/v2\/media\/22686"}],"wp:attachment":[{"href":"https:\/\/acrj.org.br\/index.php\/wp-json\/wp\/v2\/media?parent=22685"}],"wp:term":[{"taxonomy":"category","embeddable":true,"href":"https:\/\/acrj.org.br\/index.php\/wp-json\/wp\/v2\/categories?post=22685"},{"taxonomy":"post_tag","embeddable":true,"href":"https:\/\/acrj.org.br\/index.php\/wp-json\/wp\/v2\/tags?post=22685"}],"curies":[{"name":"wp","href":"https:\/\/api.w.org\/{rel}","templated":true}]}}