{"id":2256,"date":"2019-03-12T14:24:00","date_gmt":"2019-03-12T17:24:00","guid":{"rendered":"http:\/\/acrj2020.profissional.ws\/?p=2256"},"modified":"2020-02-29T14:25:44","modified_gmt":"2020-02-29T17:25:44","slug":"acrj-visita-grande-benemerito-lazaro-de-mello-brandao","status":"publish","type":"post","link":"https:\/\/acrj.org.br\/index.php\/2019\/03\/12\/acrj-visita-grande-benemerito-lazaro-de-mello-brandao\/","title":{"rendered":"ACRJ visita Grande Benem\u00e9rito L\u00e1zaro de Mello Brand\u00e3o"},"content":{"rendered":"\n<p> A Presidente, Angela Costa, o Presidente do Conselho Superior, Humberto Eust\u00e1quio C\u00e9sar Mota, e o 1o. Vice-Presidente da ACRJ, Benjamim Nas\u00e1rio,\u00a0reuniram-se no dia 28 de fevereiro na sede do Bradesco em Osasco, S\u00e3o Paulo, com o Grande Benem\u00e9rito L\u00e1zaro de Mello Brand\u00e3o, Presidente da Funda\u00e7\u00e3o Bradesco e Presidente do Conselho de Administra\u00e7\u00e3o da Bradespar S\/A. Estiveram presentes na reuni\u00e3o o Diretor-Presidente do Brasdesco, Octavio de Lazari Jr, e o Presidente do Conselho de Administra\u00e7\u00e3o do banco, Luiz Carlos Trabuco Cappi. Os empres\u00e1rios conversaram sobre as realiza\u00e7\u00f5es da Casa de Mau\u00e1 nos \u00faltimos dois anos e sobre o futuro da Associa\u00e7\u00e3o. Na ocasi\u00e3o, Angela Costa declarou a import\u00e2ncia do aconselhamento com o Grande Benem\u00e9rito e com os membros da alta administra\u00e7\u00e3o do Bradesco: &#8220;Estar com L\u00e1zaro Brand\u00e3o \u00e9 sempre uma oportunidade de aprendizado e reflex\u00e3o sobre os desafios do pa\u00eds, do nosso estado do Rio de Janeiro e da Associa\u00e7\u00e3o. Al\u00e9m da inquestion\u00e1vel trajet\u00f3ria de sucesso, L\u00e1zaro \u00e9 um empres\u00e1rio extremamente atualizado sobre quest\u00f5es nacionais e internacionais. Um honra ter momentos como esse junto \u00e0 alta administra\u00e7\u00e3o de um dos maiores bancos do pa\u00eds, que tanto contribui e se preocupa com o desenvolvimento sustent\u00e1vel e com a maturidade do nosso ambiente de neg\u00f3cios, incentivando a manuten\u00e7\u00e3o da vida associativa nacional&#8221;. <\/p>\n","protected":false},"excerpt":{"rendered":"<p>A Presidente, Angela Costa, o Presidente do Conselho Superior, Humberto Eust\u00e1quio C\u00e9sar Mota, e o 1o. Vice-Presidente da ACRJ, Benjamim Nas\u00e1rio,\u00a0reuniram-se no dia 28 de&hellip;<\/p>\n","protected":false},"author":1,"featured_media":2257,"comment_status":"closed","ping_status":"open","sticky":false,"template":"","format":"standard","meta":{"_exactmetrics_skip_tracking":false,"_exactmetrics_sitenote_active":false,"_exactmetrics_sitenote_note":"","_exactmetrics_sitenote_category":0,"footnotes":""},"categories":[10],"tags":[],"class_list":["post-2256","post","type-post","status-publish","format-standard","has-post-thumbnail","hentry","category-noticias"],"_links":{"self":[{"href":"https:\/\/acrj.org.br\/index.php\/wp-json\/wp\/v2\/posts\/2256","targetHints":{"allow":["GET"]}}],"collection":[{"href":"https:\/\/acrj.org.br\/index.php\/wp-json\/wp\/v2\/posts"}],"about":[{"href":"https:\/\/acrj.org.br\/index.php\/wp-json\/wp\/v2\/types\/post"}],"author":[{"embeddable":true,"href":"https:\/\/acrj.org.br\/index.php\/wp-json\/wp\/v2\/users\/1"}],"replies":[{"embeddable":true,"href":"https:\/\/acrj.org.br\/index.php\/wp-json\/wp\/v2\/comments?post=2256"}],"version-history":[{"count":0,"href":"https:\/\/acrj.org.br\/index.php\/wp-json\/wp\/v2\/posts\/2256\/revisions"}],"wp:featuredmedia":[{"embeddable":true,"href":"https:\/\/acrj.org.br\/index.php\/wp-json\/wp\/v2\/media\/2257"}],"wp:attachment":[{"href":"https:\/\/acrj.org.br\/index.php\/wp-json\/wp\/v2\/media?parent=2256"}],"wp:term":[{"taxonomy":"category","embeddable":true,"href":"https:\/\/acrj.org.br\/index.php\/wp-json\/wp\/v2\/categories?post=2256"},{"taxonomy":"post_tag","embeddable":true,"href":"https:\/\/acrj.org.br\/index.php\/wp-json\/wp\/v2\/tags?post=2256"}],"curies":[{"name":"wp","href":"https:\/\/api.w.org\/{rel}","templated":true}]}}