{"id":2248,"date":"2019-03-01T14:18:00","date_gmt":"2019-03-01T17:18:00","guid":{"rendered":"http:\/\/acrj2020.profissional.ws\/?p=2248"},"modified":"2020-07-10T13:28:37","modified_gmt":"2020-07-10T16:28:37","slug":"angela-costa-visita-o-governador-para-discutir-agenda-positiva-da-acrj","status":"publish","type":"post","link":"https:\/\/acrj.org.br\/index.php\/2019\/03\/01\/angela-costa-visita-o-governador-para-discutir-agenda-positiva-da-acrj\/","title":{"rendered":"Angela Costa visita o Governador para discutir Agenda Positiva da ACRJ"},"content":{"rendered":"\n<p>Esta semana a Presidente da Associa\u00e7\u00e3o Comercial do Rio de Janeiro, Angela Costa, esteve no Pal\u00e1cio da Guanabara, em reuni\u00e3o com o Governador Wilson Witzel para revisitar as 25 propostas de a\u00e7\u00e3o da Agenda Positiva, documento produzido no ano passado pelos Conselhos Empresarias da Casa de Mau\u00e1 e entregue a ele quando ainda candidato ao governo do estado do Rio de Janeiro.<\/p>\n\n\n\n<p>Na pauta tamb\u00e9m o convite ao Governador para apresentar o balan\u00e7o dos primeiros 100 dias do seu governo em evento aberto na ACRJ.<\/p>\n\n\n\n<p>Conhe\u00e7a as 25 propostas da ACRJ para o Rio de Janeiro na Agenda Positiva da Casa de Mau\u00e1, clicando\u00a0<a href=\"https:\/\/acrj.org.br\/index.php\/publicacoes\/\">aqui.<\/a><\/p>\n","protected":false},"excerpt":{"rendered":"<p>Esta semana a Presidente da Associa\u00e7\u00e3o Comercial do Rio de Janeiro, Angela Costa, esteve no Pal\u00e1cio da Guanabara, em reuni\u00e3o com o Governador Wilson Witzel&hellip;<\/p>\n","protected":false},"author":1,"featured_media":2249,"comment_status":"closed","ping_status":"open","sticky":false,"template":"","format":"standard","meta":{"_exactmetrics_skip_tracking":false,"_exactmetrics_sitenote_active":false,"_exactmetrics_sitenote_note":"","_exactmetrics_sitenote_category":0,"footnotes":""},"categories":[10],"tags":[],"class_list":["post-2248","post","type-post","status-publish","format-standard","has-post-thumbnail","hentry","category-noticias"],"_links":{"self":[{"href":"https:\/\/acrj.org.br\/index.php\/wp-json\/wp\/v2\/posts\/2248","targetHints":{"allow":["GET"]}}],"collection":[{"href":"https:\/\/acrj.org.br\/index.php\/wp-json\/wp\/v2\/posts"}],"about":[{"href":"https:\/\/acrj.org.br\/index.php\/wp-json\/wp\/v2\/types\/post"}],"author":[{"embeddable":true,"href":"https:\/\/acrj.org.br\/index.php\/wp-json\/wp\/v2\/users\/1"}],"replies":[{"embeddable":true,"href":"https:\/\/acrj.org.br\/index.php\/wp-json\/wp\/v2\/comments?post=2248"}],"version-history":[{"count":0,"href":"https:\/\/acrj.org.br\/index.php\/wp-json\/wp\/v2\/posts\/2248\/revisions"}],"wp:featuredmedia":[{"embeddable":true,"href":"https:\/\/acrj.org.br\/index.php\/wp-json\/wp\/v2\/media\/2249"}],"wp:attachment":[{"href":"https:\/\/acrj.org.br\/index.php\/wp-json\/wp\/v2\/media?parent=2248"}],"wp:term":[{"taxonomy":"category","embeddable":true,"href":"https:\/\/acrj.org.br\/index.php\/wp-json\/wp\/v2\/categories?post=2248"},{"taxonomy":"post_tag","embeddable":true,"href":"https:\/\/acrj.org.br\/index.php\/wp-json\/wp\/v2\/tags?post=2248"}],"curies":[{"name":"wp","href":"https:\/\/api.w.org\/{rel}","templated":true}]}}