{"id":22324,"date":"2024-01-08T11:47:47","date_gmt":"2024-01-08T14:47:47","guid":{"rendered":"https:\/\/acrj.org.br\/?p=22324"},"modified":"2024-01-09T11:45:52","modified_gmt":"2024-01-09T14:45:52","slug":"presidente-da-acrj-recebera-o-titulo-de-embaixador-do-turismo-do-rio","status":"publish","type":"post","link":"https:\/\/acrj.org.br\/index.php\/2024\/01\/08\/presidente-da-acrj-recebera-o-titulo-de-embaixador-do-turismo-do-rio\/","title":{"rendered":"Presidente da ACRJ receber\u00e1 o pr\u00eamio de Embaixador do Turismo do Rio"},"content":{"rendered":"\n<p>O presidente da ACRJ, Josier Vilar, ser\u00e1 um dos homenageados pela Associa\u00e7\u00e3o dos Embaixadores de Turismo do Rio de Janeiro como <em>Embaixador do Rio,<\/em> em cerim\u00f4nia que acontecer\u00e1 no dia 24 de janeiro, na sede da Sociedade Nacional de Agricultura. A associa\u00e7\u00e3o \u00e9 uma entidade sem fins lucrativos, criada em 2014, que re\u00fane as personalidades que receberam o t\u00edtulo de <em>Embaixador do Rio<\/em> para atuar na promo\u00e7\u00e3o e estrutura\u00e7\u00e3o do produto tur\u00edstico Rio de Janeiro. A premia\u00e7\u00e3o foi criada e \u00e9 coordenada pelo professor Bayard Boiteux.<\/p>\n","protected":false},"excerpt":{"rendered":"<p>O presidente da ACRJ, Josier Vilar, ser\u00e1 um dos homenageados pela Associa\u00e7\u00e3o dos Embaixadores de Turismo do Rio de Janeiro como Embaixador do Rio, em&hellip;<\/p>\n","protected":false},"author":3,"featured_media":22325,"comment_status":"closed","ping_status":"open","sticky":false,"template":"","format":"standard","meta":{"_exactmetrics_skip_tracking":false,"_exactmetrics_sitenote_active":false,"_exactmetrics_sitenote_note":"","_exactmetrics_sitenote_category":0,"footnotes":""},"categories":[6],"tags":[],"class_list":["post-22324","post","type-post","status-publish","format-standard","has-post-thumbnail","hentry","category-destaque_noticias"],"_links":{"self":[{"href":"https:\/\/acrj.org.br\/index.php\/wp-json\/wp\/v2\/posts\/22324","targetHints":{"allow":["GET"]}}],"collection":[{"href":"https:\/\/acrj.org.br\/index.php\/wp-json\/wp\/v2\/posts"}],"about":[{"href":"https:\/\/acrj.org.br\/index.php\/wp-json\/wp\/v2\/types\/post"}],"author":[{"embeddable":true,"href":"https:\/\/acrj.org.br\/index.php\/wp-json\/wp\/v2\/users\/3"}],"replies":[{"embeddable":true,"href":"https:\/\/acrj.org.br\/index.php\/wp-json\/wp\/v2\/comments?post=22324"}],"version-history":[{"count":0,"href":"https:\/\/acrj.org.br\/index.php\/wp-json\/wp\/v2\/posts\/22324\/revisions"}],"wp:featuredmedia":[{"embeddable":true,"href":"https:\/\/acrj.org.br\/index.php\/wp-json\/wp\/v2\/media\/22325"}],"wp:attachment":[{"href":"https:\/\/acrj.org.br\/index.php\/wp-json\/wp\/v2\/media?parent=22324"}],"wp:term":[{"taxonomy":"category","embeddable":true,"href":"https:\/\/acrj.org.br\/index.php\/wp-json\/wp\/v2\/categories?post=22324"},{"taxonomy":"post_tag","embeddable":true,"href":"https:\/\/acrj.org.br\/index.php\/wp-json\/wp\/v2\/tags?post=22324"}],"curies":[{"name":"wp","href":"https:\/\/api.w.org\/{rel}","templated":true}]}}