{"id":22313,"date":"2024-01-05T16:54:59","date_gmt":"2024-01-05T19:54:59","guid":{"rendered":"https:\/\/acrj.org.br\/?p=22313"},"modified":"2024-01-05T19:25:38","modified_gmt":"2024-01-05T22:25:38","slug":"conselho-de-jovens-e-o-representante-da-acrj-na-conaje","status":"publish","type":"post","link":"https:\/\/acrj.org.br\/index.php\/2024\/01\/05\/conselho-de-jovens-e-o-representante-da-acrj-na-conaje\/","title":{"rendered":"Conselho de Jovens \u00e9 o representante da ACRJ na CONAJE"},"content":{"rendered":"\n<p>A ACRJ recebeu uma placa comemorativa da Conaje (Confedera\u00e7\u00e3o Nacional de Jovens Empres\u00e1rios), marcando seu retorno ao quadro associativo da entidade durante o Encontro Nacional de Jovens Empres\u00e1rios no ano passado, em Natal (RN). O presidente do Conselho Empresarial de Jovens, Pedro Rafael, e o vice, Victor Mota, entregaram a placa ao presidente da ACRJ, Josier Vilar, e ao presidente do Conselho Superior, Ruy Barreto Filho.<\/p>\n\n\n\n<p>A placa foi entregue aos representantes da ACRJ durante a Assembleia Geral da Conaje realizada em dezembro, em Vit\u00f3ria, no Esp\u00edrito Santo. H\u00e1 seis anos o Rio de Janeiro n\u00e3o participava da Confedera\u00e7\u00e3o. A ACRJ ser\u00e1 representada pelo Conselho de Jovens em Assembl\u00e9ias, Encontros e Reuni\u00f5es da Conaje.<\/p>\n\n\n\n<figure class=\"wp-block-image size-large is-resized\"><img fetchpriority=\"high\" decoding=\"async\" width=\"1200\" height=\"750\" src=\"https:\/\/acrj.org.br\/wp-content\/uploads\/2024\/01\/WhatsApp-Image-2024-01-05-at-15.40.53-edited-1.jpeg\" alt=\"\" class=\"wp-image-22317\" style=\"width:382px;height:auto\" srcset=\"https:\/\/acrj.org.br\/wp-content\/uploads\/2024\/01\/WhatsApp-Image-2024-01-05-at-15.40.53-edited-1.jpeg 1200w, https:\/\/acrj.org.br\/wp-content\/uploads\/2024\/01\/WhatsApp-Image-2024-01-05-at-15.40.53-edited-1-600x375.jpeg 600w, https:\/\/acrj.org.br\/wp-content\/uploads\/2024\/01\/WhatsApp-Image-2024-01-05-at-15.40.53-edited-1-300x188.jpeg 300w, https:\/\/acrj.org.br\/wp-content\/uploads\/2024\/01\/WhatsApp-Image-2024-01-05-at-15.40.53-edited-1-1024x640.jpeg 1024w, https:\/\/acrj.org.br\/wp-content\/uploads\/2024\/01\/WhatsApp-Image-2024-01-05-at-15.40.53-edited-1-768x480.jpeg 768w\" sizes=\"(max-width: 1200px) 100vw, 1200px\" \/><\/figure>\n","protected":false},"excerpt":{"rendered":"<p>A ACRJ recebeu uma placa comemorativa da Conaje (Confedera\u00e7\u00e3o Nacional de Jovens Empres\u00e1rios), marcando seu retorno ao quadro associativo da entidade durante o Encontro Nacional&hellip;<\/p>\n","protected":false},"author":3,"featured_media":22314,"comment_status":"closed","ping_status":"open","sticky":false,"template":"","format":"standard","meta":{"_exactmetrics_skip_tracking":false,"_exactmetrics_sitenote_active":false,"_exactmetrics_sitenote_note":"","_exactmetrics_sitenote_category":0,"footnotes":""},"categories":[10],"tags":[],"class_list":["post-22313","post","type-post","status-publish","format-standard","has-post-thumbnail","hentry","category-noticias"],"_links":{"self":[{"href":"https:\/\/acrj.org.br\/index.php\/wp-json\/wp\/v2\/posts\/22313","targetHints":{"allow":["GET"]}}],"collection":[{"href":"https:\/\/acrj.org.br\/index.php\/wp-json\/wp\/v2\/posts"}],"about":[{"href":"https:\/\/acrj.org.br\/index.php\/wp-json\/wp\/v2\/types\/post"}],"author":[{"embeddable":true,"href":"https:\/\/acrj.org.br\/index.php\/wp-json\/wp\/v2\/users\/3"}],"replies":[{"embeddable":true,"href":"https:\/\/acrj.org.br\/index.php\/wp-json\/wp\/v2\/comments?post=22313"}],"version-history":[{"count":0,"href":"https:\/\/acrj.org.br\/index.php\/wp-json\/wp\/v2\/posts\/22313\/revisions"}],"wp:featuredmedia":[{"embeddable":true,"href":"https:\/\/acrj.org.br\/index.php\/wp-json\/wp\/v2\/media\/22314"}],"wp:attachment":[{"href":"https:\/\/acrj.org.br\/index.php\/wp-json\/wp\/v2\/media?parent=22313"}],"wp:term":[{"taxonomy":"category","embeddable":true,"href":"https:\/\/acrj.org.br\/index.php\/wp-json\/wp\/v2\/categories?post=22313"},{"taxonomy":"post_tag","embeddable":true,"href":"https:\/\/acrj.org.br\/index.php\/wp-json\/wp\/v2\/tags?post=22313"}],"curies":[{"name":"wp","href":"https:\/\/api.w.org\/{rel}","templated":true}]}}