{"id":2212,"date":"2019-02-13T13:43:00","date_gmt":"2019-02-13T15:43:00","guid":{"rendered":"http:\/\/acrj2020.profissional.ws\/?p=2212"},"modified":"2020-02-29T13:45:04","modified_gmt":"2020-02-29T16:45:04","slug":"nota-de-pesar-da-acrj-sobre-o-falecimento-do-jornalista-ricardo-boechat","status":"publish","type":"post","link":"https:\/\/acrj.org.br\/index.php\/2019\/02\/13\/nota-de-pesar-da-acrj-sobre-o-falecimento-do-jornalista-ricardo-boechat\/","title":{"rendered":"Nota de pesar da ACRJ sobre o falecimento do jornalista Ricardo Boechat"},"content":{"rendered":"\n<p>A Associa\u00e7\u00e3o Comercial do Rio de Janeiro lamenta profundamente o falecimento de um dos maiores jornalistas do pa\u00eds, Ricardo Boechat, v\u00edtima de um acidente de helic\u00f3ptero em S\u00e3o Paulo na manh\u00e3 desta segunda-feira. Perdemos a voz que nos acompanhava todas as manh\u00e3s, mas certamente ficar\u00e1 em nossa mem\u00f3ria seu compromisso e busca incans\u00e1vel pela verdade. Enviamos nossas condol\u00eancias \u00e0 fam\u00edlia e aos amigos nesta hora t\u00e3o dif\u00edcil.<\/p>\n\n\n\n<p class=\"has-text-align-right has-medium-font-size\"><strong>Angela Costa<\/strong><br>Presidente da ACRJ<\/p>\n","protected":false},"excerpt":{"rendered":"<p>A Associa\u00e7\u00e3o Comercial do Rio de Janeiro lamenta profundamente o falecimento de um dos maiores jornalistas do pa\u00eds, Ricardo Boechat, v\u00edtima de um acidente de&hellip;<\/p>\n","protected":false},"author":1,"featured_media":2213,"comment_status":"closed","ping_status":"open","sticky":false,"template":"","format":"standard","meta":{"_exactmetrics_skip_tracking":false,"_exactmetrics_sitenote_active":false,"_exactmetrics_sitenote_note":"","_exactmetrics_sitenote_category":0,"footnotes":""},"categories":[10],"tags":[],"class_list":["post-2212","post","type-post","status-publish","format-standard","has-post-thumbnail","hentry","category-noticias"],"_links":{"self":[{"href":"https:\/\/acrj.org.br\/index.php\/wp-json\/wp\/v2\/posts\/2212","targetHints":{"allow":["GET"]}}],"collection":[{"href":"https:\/\/acrj.org.br\/index.php\/wp-json\/wp\/v2\/posts"}],"about":[{"href":"https:\/\/acrj.org.br\/index.php\/wp-json\/wp\/v2\/types\/post"}],"author":[{"embeddable":true,"href":"https:\/\/acrj.org.br\/index.php\/wp-json\/wp\/v2\/users\/1"}],"replies":[{"embeddable":true,"href":"https:\/\/acrj.org.br\/index.php\/wp-json\/wp\/v2\/comments?post=2212"}],"version-history":[{"count":0,"href":"https:\/\/acrj.org.br\/index.php\/wp-json\/wp\/v2\/posts\/2212\/revisions"}],"wp:featuredmedia":[{"embeddable":true,"href":"https:\/\/acrj.org.br\/index.php\/wp-json\/wp\/v2\/media\/2213"}],"wp:attachment":[{"href":"https:\/\/acrj.org.br\/index.php\/wp-json\/wp\/v2\/media?parent=2212"}],"wp:term":[{"taxonomy":"category","embeddable":true,"href":"https:\/\/acrj.org.br\/index.php\/wp-json\/wp\/v2\/categories?post=2212"},{"taxonomy":"post_tag","embeddable":true,"href":"https:\/\/acrj.org.br\/index.php\/wp-json\/wp\/v2\/tags?post=2212"}],"curies":[{"name":"wp","href":"https:\/\/api.w.org\/{rel}","templated":true}]}}