{"id":22048,"date":"2024-01-02T11:23:40","date_gmt":"2024-01-02T14:23:40","guid":{"rendered":"https:\/\/acrj.org.br\/?p=22048"},"modified":"2024-01-19T11:57:20","modified_gmt":"2024-01-19T14:57:20","slug":"exigencia-de-visto-afasta-turistas-do-brasil","status":"publish","type":"post","link":"https:\/\/acrj.org.br\/index.php\/2024\/01\/02\/exigencia-de-visto-afasta-turistas-do-brasil\/","title":{"rendered":"Exig\u00eancia de visto afasta turistas do Brasil"},"content":{"rendered":"\n<p>Por Carlos Werneck \u2013 membro do Conselho Empresarial do Ecossistema do Turismo da ACRJ<\/p>\n\n\n\n<p><em>Cidad\u00e3os dos Eua, Canad\u00e1 e Austr\u00e1lia enfrentam dificuldades na emiss\u00e3o do documento e Brasil perde competitividade<\/em><\/p>\n\n\n\n<p>Mil passageiros de um navio fretado no Canad\u00e1 com previs\u00e3o de chegada ao Brasil no dia 11 de janeiro est\u00e3o com suas f\u00e9rias amea\u00e7adas em raz\u00e3o de dificuldades para emiss\u00e3o do visto brasileiro. Na mesma situa\u00e7\u00e3o encontram-se turistas australianos e estadunidenses. Os tr\u00eas pa\u00edses tiveram revogada a autoriza\u00e7\u00e3o concedida pelo governo federal em 2019 para entrada e perman\u00eancia no Brasil sem a exig\u00eancia do visto.<\/p>\n\n\n\n<p>Prevista para entrar em vigor no pr\u00f3ximo 10 de janeiro, a medida que traz de volta a obrigatoriedade da emiss\u00e3o do visto veio acompanhada de uma plataforma que promete um processo 100% digital. No entanto, turistas dos tr\u00eas pa\u00edses t\u00eam enfrentado dificuldades para a emiss\u00e3o online, tanto de ordem tecnol\u00f3gica quanto burocr\u00e1tica.<\/p>\n\n\n\n<p>A retirada da exig\u00eancia do visto para esses pa\u00edses em 2019 representou um diferencial competitivo relevante para a convers\u00e3o de neg\u00f3cios e oportunidades com a escolha do Brasil por empresas dos mais diversos segmentos para a realiza\u00e7\u00e3o de seus neg\u00f3cios. S\u00f3 nos primeiros dez meses de 2023, os Estados Unidos enviaram cerca de 530 mil turistas ao Brasil, ocupando a segunda posi\u00e7\u00e3o no ranking do total de viajantes que desembarcaram no pa\u00eds. No mesmo per\u00edodo, 66 mil canadenses e 38 mil australianos estiveram por aqui.<\/p>\n\n\n\n<p>Assim como o Visit Rio Convention Bureau, diversas entidades do trade tur\u00edstico consideram a volta da obrigatoriedade do visto para EUA, Canad\u00e1 e Austr\u00e1lia uma amea\u00e7a \u00e0 retomada do setor, que, pela primeira vez ap\u00f3s o per\u00edodo pand\u00eamico, demonstrou um reaquecimento importante este ano.<\/p>\n\n\n\n<p>Um dos argumentos usados pelo atual governo para justificar a decis\u00e3o pela volta da exig\u00eancia, o da regra da reciprocidade entre os pa\u00edses, n\u00e3o se sustenta, uma vez que n\u00e3o \u00e9 poss\u00edvel comparar a demanda do Brasil como destino tur\u00edstico \u00e0 dos pa\u00edses em quest\u00e3o. Seja como destino de f\u00e9rias ou de neg\u00f3cios, perdemos em grande escala para um pa\u00eds como Estados Unidos, por exemplo, sendo este um dos destinos mais desejados pelos brasileiros, quando n\u00e3o se pode dizer o mesmo em rela\u00e7\u00e3o ao nosso pa\u00eds. Outro argumento do governo, sobre os resultados advindos da retirada da exig\u00eancia do visto em 2019 n\u00e3o terem sido suficientes para a manuten\u00e7\u00e3o do benef\u00edcio, n\u00e3o considera justamente a pandemia de Covid-19, que impediu que os n\u00fameros se consolidassem.<\/p>\n\n\n\n<p>Promover uma efetiva pol\u00edtica de isen\u00e7\u00e3o de vistos com foco no turismo pode representar uma oportunidade de crescimento e gera\u00e7\u00e3o de empregos para destinos ao redor do mundo e para o Brasil em especial, dada a riqueza de seu turismo e o potencial de ampla expans\u00e3o que permanece latente no p\u00f3s-pandemia.<\/p>\n\n\n\n<figure class=\"wp-block-image size-large is-resized\"><img fetchpriority=\"high\" decoding=\"async\" width=\"1024\" height=\"763\" src=\"https:\/\/acrj.org.br\/wp-content\/uploads\/2024\/01\/Carlos-Werneck-1024x763.png\" alt=\"\" class=\"wp-image-22060\" style=\"width:305px;height:auto\" srcset=\"https:\/\/acrj.org.br\/wp-content\/uploads\/2024\/01\/Carlos-Werneck-1024x763.png 1024w, https:\/\/acrj.org.br\/wp-content\/uploads\/2024\/01\/Carlos-Werneck-600x447.png 600w, https:\/\/acrj.org.br\/wp-content\/uploads\/2024\/01\/Carlos-Werneck-300x224.png 300w, https:\/\/acrj.org.br\/wp-content\/uploads\/2024\/01\/Carlos-Werneck-768x572.png 768w, https:\/\/acrj.org.br\/wp-content\/uploads\/2024\/01\/Carlos-Werneck.png 1510w\" sizes=\"(max-width: 1024px) 100vw, 1024px\" \/><\/figure>\n\n\n\n<p>Carlos Werneck \u00e9 vice-presidente da ACRJ e presidente-executivo do Visit Rio Convention Bureau<\/p>\n\n\n\n<p>Artigo publicado originalmente no Jornal O Globo<\/p>\n","protected":false},"excerpt":{"rendered":"<p>Por Carlos Werneck \u2013 membro do Conselho Empresarial do Ecossistema do Turismo da ACRJ<\/p>\n","protected":false},"author":3,"featured_media":22049,"comment_status":"closed","ping_status":"open","sticky":false,"template":"","format":"standard","meta":{"_exactmetrics_skip_tracking":false,"_exactmetrics_sitenote_active":false,"_exactmetrics_sitenote_note":"","_exactmetrics_sitenote_category":0,"footnotes":""},"categories":[12],"tags":[],"class_list":["post-22048","post","type-post","status-publish","format-standard","has-post-thumbnail","hentry","category-artigos"],"_links":{"self":[{"href":"https:\/\/acrj.org.br\/index.php\/wp-json\/wp\/v2\/posts\/22048","targetHints":{"allow":["GET"]}}],"collection":[{"href":"https:\/\/acrj.org.br\/index.php\/wp-json\/wp\/v2\/posts"}],"about":[{"href":"https:\/\/acrj.org.br\/index.php\/wp-json\/wp\/v2\/types\/post"}],"author":[{"embeddable":true,"href":"https:\/\/acrj.org.br\/index.php\/wp-json\/wp\/v2\/users\/3"}],"replies":[{"embeddable":true,"href":"https:\/\/acrj.org.br\/index.php\/wp-json\/wp\/v2\/comments?post=22048"}],"version-history":[{"count":0,"href":"https:\/\/acrj.org.br\/index.php\/wp-json\/wp\/v2\/posts\/22048\/revisions"}],"wp:featuredmedia":[{"embeddable":true,"href":"https:\/\/acrj.org.br\/index.php\/wp-json\/wp\/v2\/media\/22049"}],"wp:attachment":[{"href":"https:\/\/acrj.org.br\/index.php\/wp-json\/wp\/v2\/media?parent=22048"}],"wp:term":[{"taxonomy":"category","embeddable":true,"href":"https:\/\/acrj.org.br\/index.php\/wp-json\/wp\/v2\/categories?post=22048"},{"taxonomy":"post_tag","embeddable":true,"href":"https:\/\/acrj.org.br\/index.php\/wp-json\/wp\/v2\/tags?post=22048"}],"curies":[{"name":"wp","href":"https:\/\/api.w.org\/{rel}","templated":true}]}}