{"id":2203,"date":"2019-02-08T13:39:00","date_gmt":"2019-02-08T15:39:00","guid":{"rendered":"http:\/\/acrj2020.profissional.ws\/?p=2203"},"modified":"2020-02-29T13:40:26","modified_gmt":"2020-02-29T16:40:26","slug":"incendio-no-ninho-do-urubu","status":"publish","type":"post","link":"https:\/\/acrj.org.br\/index.php\/2019\/02\/08\/incendio-no-ninho-do-urubu\/","title":{"rendered":"Inc\u00eandio no Ninho do Urubu"},"content":{"rendered":"\n<p>\u00c9 com sentimento de consterna\u00e7\u00e3o e pesar que o Conselho Empresarial de Esporte da Associa\u00e7\u00e3o Comercial do Rio de Janeiro toma conhecimento do terr\u00edvel inc\u00eandio no Centro de Treinamento do Clube de Regatas do Flamengo, o Ninho do Urubu.&nbsp;<\/p>\n\n\n\n<p>A perda das vidas de jovens esportistas, que lutam para construir uma vida melhor atrav\u00e9s do esporte \u00e9 algo que nos desola. Resta-nos o desejo de que as fam\u00edlias encontrem conforto de alguma forma, na f\u00e9, na fam\u00edlia e nos amigos pr\u00f3ximos.&nbsp;<\/p>\n\n\n\n<p>Acreditamos que o esporte \u00e9 uma via que fortalece o indiv\u00edduo, lhe oferece valores e princ\u00edpios pelos quais pode construir seu car\u00e1ter, al\u00e9m de ensinar li\u00e7\u00f5es de conviv\u00eancia, solidariedade, \u00e9tica e companheirismo. Que estes valores e princ\u00edpios prevale\u00e7am e fa\u00e7am alguma diferen\u00e7a para os familiares neste momento dif\u00edcil.&nbsp;<\/p>\n\n\n\n<p>O Conselho Empresarial de Esporte da ACRJ, assim como todos os demais Conselhos e da pr\u00f3pria Associa\u00e7\u00e3o, se coloca \u00e0 disposi\u00e7\u00e3o para facilitar a\u00e7\u00f5es que se fizerem necess\u00e1rias neste momento de dor, tanto para as fam\u00edlias quanto para o Clube. Contem conosco.<\/p>\n\n\n\n<p><strong>Assinado por Angela Costa, Presidente da ACRJ; Humberto Eust\u00e1quio Cesar Mota, Presidente do Conselho Superior da ACRJ; Lars Grael, Presidente do Conselho Empresarial de Esporte da ACRJ; Fabia<\/strong><strong>na Bentes, Vice-presidente do Conselho Empresarial de Esporte da ACRJ e Secret\u00e1ria de Desenvolvimento Social e Direitos Humanos do Estado do Rio de Janeiro e demais membros do&nbsp;Conselho&nbsp;Empresarial de&nbsp;Esporte da ACRJ<\/strong><\/p>\n","protected":false},"excerpt":{"rendered":"<p>\u00c9 com sentimento de consterna\u00e7\u00e3o e pesar que o Conselho Empresarial de Esporte da Associa\u00e7\u00e3o Comercial do Rio de Janeiro toma conhecimento do terr\u00edvel inc\u00eandio&hellip;<\/p>\n","protected":false},"author":1,"featured_media":2204,"comment_status":"closed","ping_status":"open","sticky":false,"template":"","format":"standard","meta":{"_exactmetrics_skip_tracking":false,"_exactmetrics_sitenote_active":false,"_exactmetrics_sitenote_note":"","_exactmetrics_sitenote_category":0,"footnotes":""},"categories":[10],"tags":[],"class_list":["post-2203","post","type-post","status-publish","format-standard","has-post-thumbnail","hentry","category-noticias"],"_links":{"self":[{"href":"https:\/\/acrj.org.br\/index.php\/wp-json\/wp\/v2\/posts\/2203","targetHints":{"allow":["GET"]}}],"collection":[{"href":"https:\/\/acrj.org.br\/index.php\/wp-json\/wp\/v2\/posts"}],"about":[{"href":"https:\/\/acrj.org.br\/index.php\/wp-json\/wp\/v2\/types\/post"}],"author":[{"embeddable":true,"href":"https:\/\/acrj.org.br\/index.php\/wp-json\/wp\/v2\/users\/1"}],"replies":[{"embeddable":true,"href":"https:\/\/acrj.org.br\/index.php\/wp-json\/wp\/v2\/comments?post=2203"}],"version-history":[{"count":0,"href":"https:\/\/acrj.org.br\/index.php\/wp-json\/wp\/v2\/posts\/2203\/revisions"}],"wp:featuredmedia":[{"embeddable":true,"href":"https:\/\/acrj.org.br\/index.php\/wp-json\/wp\/v2\/media\/2204"}],"wp:attachment":[{"href":"https:\/\/acrj.org.br\/index.php\/wp-json\/wp\/v2\/media?parent=2203"}],"wp:term":[{"taxonomy":"category","embeddable":true,"href":"https:\/\/acrj.org.br\/index.php\/wp-json\/wp\/v2\/categories?post=2203"},{"taxonomy":"post_tag","embeddable":true,"href":"https:\/\/acrj.org.br\/index.php\/wp-json\/wp\/v2\/tags?post=2203"}],"curies":[{"name":"wp","href":"https:\/\/api.w.org\/{rel}","templated":true}]}}