{"id":21985,"date":"2023-12-15T14:38:01","date_gmt":"2023-12-15T17:38:01","guid":{"rendered":"https:\/\/acrj.org.br\/?p=21985"},"modified":"2024-01-02T11:35:22","modified_gmt":"2024-01-02T14:35:22","slug":"recesso-na-acrj","status":"publish","type":"post","link":"https:\/\/acrj.org.br\/index.php\/2023\/12\/15\/recesso-na-acrj\/","title":{"rendered":"Associa\u00e7\u00e3o Comercial do Rio de Janeiro entra em recesso"},"content":{"rendered":"\n<p>A ACRJ informa que entrar\u00e1 em recesso a partir do dia 18 de dezembro, retornando \u00e0s suas atividades no dia 2 de janeiro. At\u00e9 l\u00e1!<\/p>\n","protected":false},"excerpt":{"rendered":"<p>A ACRJ informa que entrar\u00e1 em recesso a partir do dia 18 de dezembro, retornando \u00e0s suas atividades no dia 2 de janeiro. At\u00e9 l\u00e1!<\/p>\n","protected":false},"author":3,"featured_media":21986,"comment_status":"closed","ping_status":"open","sticky":false,"template":"","format":"standard","meta":{"_exactmetrics_skip_tracking":false,"_exactmetrics_sitenote_active":false,"_exactmetrics_sitenote_note":"","_exactmetrics_sitenote_category":0,"footnotes":""},"categories":[10],"tags":[],"class_list":["post-21985","post","type-post","status-publish","format-standard","has-post-thumbnail","hentry","category-noticias"],"_links":{"self":[{"href":"https:\/\/acrj.org.br\/index.php\/wp-json\/wp\/v2\/posts\/21985","targetHints":{"allow":["GET"]}}],"collection":[{"href":"https:\/\/acrj.org.br\/index.php\/wp-json\/wp\/v2\/posts"}],"about":[{"href":"https:\/\/acrj.org.br\/index.php\/wp-json\/wp\/v2\/types\/post"}],"author":[{"embeddable":true,"href":"https:\/\/acrj.org.br\/index.php\/wp-json\/wp\/v2\/users\/3"}],"replies":[{"embeddable":true,"href":"https:\/\/acrj.org.br\/index.php\/wp-json\/wp\/v2\/comments?post=21985"}],"version-history":[{"count":0,"href":"https:\/\/acrj.org.br\/index.php\/wp-json\/wp\/v2\/posts\/21985\/revisions"}],"wp:featuredmedia":[{"embeddable":true,"href":"https:\/\/acrj.org.br\/index.php\/wp-json\/wp\/v2\/media\/21986"}],"wp:attachment":[{"href":"https:\/\/acrj.org.br\/index.php\/wp-json\/wp\/v2\/media?parent=21985"}],"wp:term":[{"taxonomy":"category","embeddable":true,"href":"https:\/\/acrj.org.br\/index.php\/wp-json\/wp\/v2\/categories?post=21985"},{"taxonomy":"post_tag","embeddable":true,"href":"https:\/\/acrj.org.br\/index.php\/wp-json\/wp\/v2\/tags?post=21985"}],"curies":[{"name":"wp","href":"https:\/\/api.w.org\/{rel}","templated":true}]}}