{"id":2196,"date":"2019-01-30T13:34:14","date_gmt":"2019-01-30T15:34:14","guid":{"rendered":"http:\/\/acrj2020.profissional.ws\/?p=2196"},"modified":"2020-02-29T13:35:45","modified_gmt":"2020-02-29T16:35:45","slug":"termina-dia-31-1-o-prazo-para-pagar-as-dividas-e-entrar-no-simples","status":"publish","type":"post","link":"https:\/\/acrj.org.br\/index.php\/2019\/01\/30\/termina-dia-31-1-o-prazo-para-pagar-as-dividas-e-entrar-no-simples\/","title":{"rendered":"Termina dia 31\/1 o prazo para pagar as d\u00edvidas e entrar no Simples"},"content":{"rendered":"\n<p>Desde 1\u00ba de janeiro mais de 500 mil empresas foram exclu\u00eddas do Simples Nacional porque tinham d\u00e9bitos.<\/p>\n\n\n\n<p>A micro e pequena empresa exclu\u00edda pode optar novamente no&nbsp;<a href=\"http:\/\/www8.receita.fazenda.gov.br\/simplesnacional\/\" target=\"_blank\" rel=\"noreferrer noopener\">Portal do Simples Nacional&nbsp;<\/a>at\u00e9 31 de janeiro de 2019, desde que regularize todos os seus d\u00e9bitos antes, com o pagamento \u00e0 vista ou parceladamente.<\/p>\n\n\n\n<p>Veja maiores informa\u00e7\u00f5es em&nbsp;<a href=\"http:\/\/www8.receita.fazenda.gov.br\/SimplesNacional\/Servicos\/Grupo.aspx?grp=t&amp;area=1\" target=\"_blank\" rel=\"noreferrer noopener\">&nbsp;Servi\u00e7os&nbsp;do Portal do Simples Nacional.<\/a><\/p>\n\n\n\n<p>Os d\u00e9bitos e pend\u00eancias do Simples devem ser consultados perante as fazendas e respectivas procuradorias, federal, estaduais e municipais.<\/p>\n\n\n\n<p>Para saber se h\u00e1 d\u00e9bitos na fazenda do Estado do Rio de Janeiro acesse o Portal&nbsp;<a href=\"http:\/\/www.fazenda.rj.gov.br\/projetoSN\/br\/gov\/rj\/sef\/sn\/web\/ConsultaPendOpcaoAnual\/ConsultaPendOpcaoAnualController.jpf\" target=\"_blank\" rel=\"noreferrer noopener\">aqui<\/a>.<\/p>\n\n\n\n<p>Mas, o fisco alerta que a consulta ao Fisco F\u00e1cil \u00e9 insuficiente para verificar pend\u00eancias para ingresso no Simples Nacional, pois esse sistema n\u00e3o verifica d\u00e9bitos relacionados com outras secretarias de Estado ou inscritos em D\u00edvida Ativa e que a Certid\u00e3o Negativa de D\u00e9bitos emitida pela SEFAZ\/RJ&nbsp;tamb\u00e9m&nbsp;n\u00e3o \u00e9&nbsp;suficiente para comprovar a inexist\u00eancia de pend\u00eancias, pois, da mesma forma,&nbsp;n\u00e3o abrange d\u00e9bitos com outras secretarias de Estado nem os inscritos em d\u00edvida ativa.<\/p>\n\n\n\n<p>A consulta estadual ficar\u00e1 dispon\u00edvel at\u00e9 31\/01\/2019, data at\u00e9 a qual podem ser identificados e regularizados&nbsp;d\u00e9bitos que impe\u00e7am o ingresso no regime.<\/p>\n\n\n\n<p>A ME ou EPP j\u00e1 optante pelo Simples Nacional e sem d\u00e9bitos n\u00e3o precisa fazer nova op\u00e7\u00e3o a cada ano. Uma vez optante, a empresa somente sair\u00e1 do regime quando exclu\u00edda, seja por comunica\u00e7\u00e3o do optante ou de of\u00edcio.<\/p>\n\n\n\n<p>A op\u00e7\u00e3o em 31 de janeiro, se aceita, retroage a 1\u00ba de janeiro.<\/p>\n\n\n\n<p class=\"has-text-align-right has-medium-font-size\"><strong> Cheryl Berno<\/strong><\/p>\n","protected":false},"excerpt":{"rendered":"<p>Desde 1\u00ba de janeiro mais de 500 mil empresas foram exclu\u00eddas do Simples Nacional porque tinham d\u00e9bitos. A micro e pequena empresa exclu\u00edda pode optar&hellip;<\/p>\n","protected":false},"author":1,"featured_media":1946,"comment_status":"closed","ping_status":"open","sticky":false,"template":"","format":"standard","meta":{"_exactmetrics_skip_tracking":false,"_exactmetrics_sitenote_active":false,"_exactmetrics_sitenote_note":"","_exactmetrics_sitenote_category":0,"footnotes":""},"categories":[10],"tags":[],"class_list":["post-2196","post","type-post","status-publish","format-standard","has-post-thumbnail","hentry","category-noticias"],"_links":{"self":[{"href":"https:\/\/acrj.org.br\/index.php\/wp-json\/wp\/v2\/posts\/2196","targetHints":{"allow":["GET"]}}],"collection":[{"href":"https:\/\/acrj.org.br\/index.php\/wp-json\/wp\/v2\/posts"}],"about":[{"href":"https:\/\/acrj.org.br\/index.php\/wp-json\/wp\/v2\/types\/post"}],"author":[{"embeddable":true,"href":"https:\/\/acrj.org.br\/index.php\/wp-json\/wp\/v2\/users\/1"}],"replies":[{"embeddable":true,"href":"https:\/\/acrj.org.br\/index.php\/wp-json\/wp\/v2\/comments?post=2196"}],"version-history":[{"count":0,"href":"https:\/\/acrj.org.br\/index.php\/wp-json\/wp\/v2\/posts\/2196\/revisions"}],"wp:featuredmedia":[{"embeddable":true,"href":"https:\/\/acrj.org.br\/index.php\/wp-json\/wp\/v2\/media\/1946"}],"wp:attachment":[{"href":"https:\/\/acrj.org.br\/index.php\/wp-json\/wp\/v2\/media?parent=2196"}],"wp:term":[{"taxonomy":"category","embeddable":true,"href":"https:\/\/acrj.org.br\/index.php\/wp-json\/wp\/v2\/categories?post=2196"},{"taxonomy":"post_tag","embeddable":true,"href":"https:\/\/acrj.org.br\/index.php\/wp-json\/wp\/v2\/tags?post=2196"}],"curies":[{"name":"wp","href":"https:\/\/api.w.org\/{rel}","templated":true}]}}