{"id":21891,"date":"2023-12-07T07:41:56","date_gmt":"2023-12-07T10:41:56","guid":{"rendered":"https:\/\/acrj.org.br\/?p=21891"},"modified":"2023-12-07T15:32:05","modified_gmt":"2023-12-07T18:32:05","slug":"acrj-lamenta-perda-do-presidente-do-conselho-deliberativo-do-sebrae-rio","status":"publish","type":"post","link":"https:\/\/acrj.org.br\/index.php\/2023\/12\/07\/acrj-lamenta-perda-do-presidente-do-conselho-deliberativo-do-sebrae-rio\/","title":{"rendered":"ACRJ lamenta perda do presidente do Conselho Deliberativo do Sebrae Rio"},"content":{"rendered":"\n<p>\u00c9 com profundo pesar que a Associa\u00e7\u00e3o Comercial do Rio de Janeiro recebe a not\u00edcia da perda de J\u00e9sus Mendes Costa, presidente do Conselho Deliberativo e Fiscal do Sebrae Rio, e ex-presidente da FACERJ.<\/p>\n\n\n\n<p>A presid\u00eancia da ACRJ e do Conselho Superior e toda sua diretoria se solidarizam com seus familiares neste momento de dor. &#8220;\u00c9 com profunda tristeza que comunico o falecimento do nosso eterno presidente, J\u00e9sus Mendes Costa. Sem palavras nesse momento para descrever esse sentimento. Que Deus o acolha no lugar reservado aos bons. Em nome da ACRJ envio a toda familia SEBRAE\/FACERJ os nossos sentimentos&#8221; Josier Vilar &#8211; presidente da ACRJ.<\/p>\n\n\n\n<p>&#8220;Com pesar recebo a nota de falecimento do presidente J\u00e9sus Mendes Costa. Perdemos uma lideran\u00e7a no nosso estado, homem p\u00fablico e defensor do associativismo empresarial, que o levaram a presid\u00eancia da FACERJ e do Conselho do Sebrae. Nossos sentimentos a fam\u00edlia e amigos&#8221;, Ruy Barreto Filho &#8211; presidente do Conselho Superior <\/p>\n\n\n\n<figure class=\"wp-block-image size-large is-resized\"><img fetchpriority=\"high\" decoding=\"async\" width=\"668\" height=\"1024\" src=\"https:\/\/acrj.org.br\/wp-content\/uploads\/2023\/12\/IMG-20231207-WA01191-668x1024.jpg\" alt=\"\" class=\"wp-image-21896\" style=\"width:155px;height:auto\" srcset=\"https:\/\/acrj.org.br\/wp-content\/uploads\/2023\/12\/IMG-20231207-WA01191-668x1024.jpg 668w, https:\/\/acrj.org.br\/wp-content\/uploads\/2023\/12\/IMG-20231207-WA01191-600x920.jpg 600w, https:\/\/acrj.org.br\/wp-content\/uploads\/2023\/12\/IMG-20231207-WA01191-196x300.jpg 196w, https:\/\/acrj.org.br\/wp-content\/uploads\/2023\/12\/IMG-20231207-WA01191-768x1177.jpg 768w, https:\/\/acrj.org.br\/wp-content\/uploads\/2023\/12\/IMG-20231207-WA01191-1002x1536.jpg 1002w, https:\/\/acrj.org.br\/wp-content\/uploads\/2023\/12\/IMG-20231207-WA01191.jpg 1044w\" sizes=\"(max-width: 668px) 100vw, 668px\" \/><\/figure>\n","protected":false},"excerpt":{"rendered":"<p>\u00c9 com profundo pesar que a Associa\u00e7\u00e3o Comercial do Rio de Janeiro recebe a not\u00edcia da perda de J\u00e9sus Mendes Costa, presidente do Conselho Deliberativo&hellip;<\/p>\n","protected":false},"author":3,"featured_media":5347,"comment_status":"closed","ping_status":"open","sticky":false,"template":"","format":"standard","meta":{"_exactmetrics_skip_tracking":false,"_exactmetrics_sitenote_active":false,"_exactmetrics_sitenote_note":"","_exactmetrics_sitenote_category":0,"footnotes":""},"categories":[10],"tags":[],"class_list":["post-21891","post","type-post","status-publish","format-standard","has-post-thumbnail","hentry","category-noticias"],"_links":{"self":[{"href":"https:\/\/acrj.org.br\/index.php\/wp-json\/wp\/v2\/posts\/21891","targetHints":{"allow":["GET"]}}],"collection":[{"href":"https:\/\/acrj.org.br\/index.php\/wp-json\/wp\/v2\/posts"}],"about":[{"href":"https:\/\/acrj.org.br\/index.php\/wp-json\/wp\/v2\/types\/post"}],"author":[{"embeddable":true,"href":"https:\/\/acrj.org.br\/index.php\/wp-json\/wp\/v2\/users\/3"}],"replies":[{"embeddable":true,"href":"https:\/\/acrj.org.br\/index.php\/wp-json\/wp\/v2\/comments?post=21891"}],"version-history":[{"count":0,"href":"https:\/\/acrj.org.br\/index.php\/wp-json\/wp\/v2\/posts\/21891\/revisions"}],"wp:featuredmedia":[{"embeddable":true,"href":"https:\/\/acrj.org.br\/index.php\/wp-json\/wp\/v2\/media\/5347"}],"wp:attachment":[{"href":"https:\/\/acrj.org.br\/index.php\/wp-json\/wp\/v2\/media?parent=21891"}],"wp:term":[{"taxonomy":"category","embeddable":true,"href":"https:\/\/acrj.org.br\/index.php\/wp-json\/wp\/v2\/categories?post=21891"},{"taxonomy":"post_tag","embeddable":true,"href":"https:\/\/acrj.org.br\/index.php\/wp-json\/wp\/v2\/tags?post=21891"}],"curies":[{"name":"wp","href":"https:\/\/api.w.org\/{rel}","templated":true}]}}