{"id":21781,"date":"2023-11-30T11:19:20","date_gmt":"2023-11-30T14:19:20","guid":{"rendered":"https:\/\/acrj.org.br\/?p=21781"},"modified":"2023-11-30T13:44:45","modified_gmt":"2023-11-30T16:44:45","slug":"acrj-lamenta-a-perda-do-benemerito-renato-abreu","status":"publish","type":"post","link":"https:\/\/acrj.org.br\/index.php\/2023\/11\/30\/acrj-lamenta-a-perda-do-benemerito-renato-abreu\/","title":{"rendered":"ACRJ lamenta a perda do benem\u00e9rito Renato Abreu"},"content":{"rendered":"\n<p>A Associa\u00e7\u00e3o Comercial do Rio de Janeiro lamenta a perda do benem\u00e9rito Renato Ribeiro Abreu, nesta quinta-feira (30\/11). O presidente do Conselho Superior da ACRJ, Ruy Barreto, e o presidente da ACRJ, Josier Vilar lamentaram a perda do empres\u00e1rio, que desde 2003 integrava o Conselho Superior. O Grande Benem\u00e9rito Antenor de Barros Leal tamb\u00e9m prestou sua homenagem ao amigo.<\/p>\n\n\n\n<p>No mesmo ano, Renato Abreu foi eleito diretor e nos anos seguintes atuou tamb\u00e9m como vice-presidente em diversos mandatos e como presidente de Conselho. Em 2013, foi homenageado pelo Conselho Diretor da ACRJ com o diploma de honra ao m\u00e9rito por sua trajet\u00f3ria empresarial. Natural de S\u00e3o Fidelis, interior do Rio de Janeiro, Renato Abreu era fundador e presidente do Grupo MPE. Deixa esposa e uma filha. <\/p>\n\n\n\n<p>O missa de corpo presente ser\u00e1 realizada no dia 1\u00ba\/12 (6\u00aa feira), na Paroquia S\u00e3o Judas Tadeu, em Niteroi, \u00e0s 10h Endere\u00e7o: Av. Almirante Ary Parreiras &#8211; Praia de Icara\u00ed.  Ap\u00f3s a missa haver\u00e1 um cortejo at\u00e9 o Cemit\u00e9rio Parque da Colina, onde acontecer\u00e1 o sepultamento, 12h45. Endere\u00e7o: Estrada Franciso da Cruz Nunes, 987 &#8211; Pendotiba. <\/p>\n\n\n\n<p><strong>Depoimentos<\/strong><\/p>\n\n\n\n<p>\u201cCom sentimento de pesar noticio o falecimento do amigo, Benem\u00e9rito Renato Ribeiro Abreu. Externo aqui minha solidariedade \u00e0 fam\u00edlia e amigos. Renato foi um ser humano de qualidades incomensur\u00e1veis, amigo, generoso, cidad\u00e3o comprometido com o social, empres\u00e1rio que enfrentou grandes desafios, com uma hist\u00f3ria de vida empresarial, das mais vitoriosas. A Associa\u00e7\u00e3o Comercial do Rio de Janeiro est\u00e1 de luto, mas homenageia esse grande ser humano e empres\u00e1rio que se dedicou por inteiro \u00e0 Casa de Mau\u00e1. Tenho como certo que Renato deixa fam\u00edlia e amigos, todos com cora\u00e7\u00e3o apertado, mas sua f\u00e9 em Deus o colocar\u00e1 em repouso na eternidade.\u201d <strong>Ruy Barreto Filho<\/strong> \u2013 Presidente do Conselho Superior da ACRJ<\/p>\n\n\n\n<p>\u201c\u00c9 com profundo pesar que a ACRJ comunica o falecimento de nosso Benem\u00e9rito RENATO ABREU, s\u00f3cio-fundador do grupo MPE. Sua vida empresarial e amor ao empreendedorismo nos deixa um legado de luta, determina\u00e7\u00e3o e dedica\u00e7\u00e3o ao trabalho como inspira\u00e7\u00e3o para todos que desejam empreender em nosso pa\u00eds. Nossos mais profundos sentimentos \u00e0 sua fam\u00edlia.\u201d <strong>Josier Vilar<\/strong> &#8211; Presidente da ACRJ<\/p>\n\n\n\n<p>&#8220;Com profundo pesar recebi a comunica\u00e7\u00e3o do falecimento do nosso querido amigo e Benem\u00e9rito da ACRJ Renato Ribeiro Abreu, um grande cidad\u00e3o e l\u00edder empresarial, sempre colaborador com a Casa de Mau\u00e1 e com todas as boas causas. Profundamente religioso, colaborou na constru\u00e7\u00e3o da r\u00e9plica da Capela de Nossa Senhora de F\u00e1tima, no Recreio e, como Provedor da Irmanandade do Outeiro da Gl\u00f3ria, realizou as obras de moderniza\u00e7\u00e3o dos seus sal\u00f5es de eventos. Que Deus acolha a alma de RENATO RIBEIRO ABREU, conforte sua fam\u00edlia e sua legi\u00e3o de amigos e admiradores.&#8221; <strong>Marta Arakaki<\/strong> &#8211; Benem\u00e9rita e vice-presidente do Conselho Superior da ACRJ<\/p>\n\n\n\n<p>\u201cRenato foi um amigo de todas as horas, pronto a ajudar todos aqueles que estavam ao seu redor. Empres\u00e1rio de trajet\u00f3ria vitoriosa, e sobretudo amigo da Associa\u00e7\u00e3o Comercial do Rio de Janeiro. Externo aqui minha admira\u00e7\u00e3o por esse amigo, e minhas condol\u00eancias \u00e0 fam\u00edlia e amigos.\u201d <strong>Antenor Barros Leal <\/strong>&#8211; Grande Benem\u00e9rito da ACRJ<\/p>\n\n\n\n<figure class=\"wp-block-image size-large is-resized\"><img fetchpriority=\"high\" decoding=\"async\" width=\"1024\" height=\"866\" src=\"https:\/\/acrj.org.br\/wp-content\/uploads\/2023\/11\/renato-abreu-1024x866.jpg\" alt=\"\" class=\"wp-image-21782\" style=\"width:234px;height:auto\" srcset=\"https:\/\/acrj.org.br\/wp-content\/uploads\/2023\/11\/renato-abreu-1024x866.jpg 1024w, https:\/\/acrj.org.br\/wp-content\/uploads\/2023\/11\/renato-abreu-600x508.jpg 600w, https:\/\/acrj.org.br\/wp-content\/uploads\/2023\/11\/renato-abreu-300x254.jpg 300w, https:\/\/acrj.org.br\/wp-content\/uploads\/2023\/11\/renato-abreu-768x650.jpg 768w, https:\/\/acrj.org.br\/wp-content\/uploads\/2023\/11\/renato-abreu.jpg 1330w\" sizes=\"(max-width: 1024px) 100vw, 1024px\" \/><figcaption class=\"wp-element-caption\">Benem\u00e9rito Renato Abreu<\/figcaption><\/figure>\n","protected":false},"excerpt":{"rendered":"<p>A Associa\u00e7\u00e3o Comercial do Rio de Janeiro lamenta a perda do benem\u00e9rito Renato Ribeiro Abreu, nesta quinta-feira (30\/11). O presidente do Conselho Superior da ACRJ,&hellip;<\/p>\n","protected":false},"author":3,"featured_media":5347,"comment_status":"closed","ping_status":"open","sticky":false,"template":"","format":"standard","meta":{"_exactmetrics_skip_tracking":false,"_exactmetrics_sitenote_active":false,"_exactmetrics_sitenote_note":"","_exactmetrics_sitenote_category":0,"footnotes":""},"categories":[10],"tags":[],"class_list":["post-21781","post","type-post","status-publish","format-standard","has-post-thumbnail","hentry","category-noticias"],"_links":{"self":[{"href":"https:\/\/acrj.org.br\/index.php\/wp-json\/wp\/v2\/posts\/21781","targetHints":{"allow":["GET"]}}],"collection":[{"href":"https:\/\/acrj.org.br\/index.php\/wp-json\/wp\/v2\/posts"}],"about":[{"href":"https:\/\/acrj.org.br\/index.php\/wp-json\/wp\/v2\/types\/post"}],"author":[{"embeddable":true,"href":"https:\/\/acrj.org.br\/index.php\/wp-json\/wp\/v2\/users\/3"}],"replies":[{"embeddable":true,"href":"https:\/\/acrj.org.br\/index.php\/wp-json\/wp\/v2\/comments?post=21781"}],"version-history":[{"count":0,"href":"https:\/\/acrj.org.br\/index.php\/wp-json\/wp\/v2\/posts\/21781\/revisions"}],"wp:featuredmedia":[{"embeddable":true,"href":"https:\/\/acrj.org.br\/index.php\/wp-json\/wp\/v2\/media\/5347"}],"wp:attachment":[{"href":"https:\/\/acrj.org.br\/index.php\/wp-json\/wp\/v2\/media?parent=21781"}],"wp:term":[{"taxonomy":"category","embeddable":true,"href":"https:\/\/acrj.org.br\/index.php\/wp-json\/wp\/v2\/categories?post=21781"},{"taxonomy":"post_tag","embeddable":true,"href":"https:\/\/acrj.org.br\/index.php\/wp-json\/wp\/v2\/tags?post=21781"}],"curies":[{"name":"wp","href":"https:\/\/api.w.org\/{rel}","templated":true}]}}