{"id":2178,"date":"2019-06-28T12:51:00","date_gmt":"2019-06-28T15:51:00","guid":{"rendered":"http:\/\/acrj2020.profissional.ws\/?p=2178"},"modified":"2020-02-29T12:53:03","modified_gmt":"2020-02-29T15:53:03","slug":"faperj-lanca-edital-para-programa-apoio-a-insercao-de-pesquisadores-em-empresas-2019","status":"publish","type":"post","link":"https:\/\/acrj.org.br\/index.php\/2019\/06\/28\/faperj-lanca-edital-para-programa-apoio-a-insercao-de-pesquisadores-em-empresas-2019\/","title":{"rendered":"Faperj lan\u00e7a edital para Programa Apoio \u00e0 Inser\u00e7\u00e3o de Pesquisadores em Empresas &#8211; 2019"},"content":{"rendered":"\n<p>A Funda\u00e7\u00e3o de Amparo \u00e0 Pesquisa do Estado do Rio de Janeiro (Faperj), abriu edital para o programa Apoio \u00c0 Inser\u00e7\u00e3o de Pesquisadores em Empresas &#8211; 2019. As inscri\u00e7\u00f5es, que j\u00e1 est\u00e3o abertas, s\u00e3o para sele\u00e7\u00e3o de projetos de tecnologia e inova\u00e7\u00e3o no ambiente de micro, pequenas e m\u00e9dias empresas (MPEs) com sede no Rio de Janeiro. Quem for aprovado no edital deve receber bolsas no \u00e2mbito do programa.<\/p>\n\n\n\n<p>O objetivo do programa \u00e9 fomentar a inser\u00e7\u00e3o de pesquisadores, tanto mestres quanto doutores, para executar estes projetos, com objetivo de estimular atividades de pesquisa, desenvolvimento e inova\u00e7\u00e3o nessas empresas, al\u00e9m de ampliar a competitividade no mercado, fortalecendo a capacidade dessas empresas de se relacionar com Institui\u00e7\u00f5es de Ci\u00eancia e Tecnologia. &#8220;Al\u00e9m de impulsionar a cultura de inova\u00e7\u00e3o nas pequenas, m\u00e9dias e microempresas, o programa evidencia as vantagens da participa\u00e7\u00e3o de mestres e doutores nestas empresas, buscando gerar interesse pela continuidade desses profissionais como agentes do processo de inova\u00e7\u00e3o, criando alternativas para mestres e doutores fora da academia&#8221;, afirmou o Membro do Conselho Empresarial de Inova\u00e7\u00e3o, Comunica\u00e7\u00e3o e Tecnologia da ACRJ, Marcos Neme.<\/p>\n\n\n\n<p>Os proponentes eleg\u00edveis para o edital s\u00e3o pessoas f\u00edsicas, podendo ser o respons\u00e1vel legal da empresa a qual o projeto est\u00e1 vinculado. Os recursos alocados para financiamento s\u00e3o definidos na Programa\u00e7\u00e3o Or\u00e7ament\u00e1ria da Faperj. A submiss\u00e3o de propostas on-line pode ser realizada at\u00e9 o dia 23 de julho. O edital est\u00e1 dispon\u00edvel neste&nbsp;<a href=\"http:\/\/www.faperj.br\/downloads\/Edital_Programa_de_Apoio_%C3%A0_Inser%C3%A7%C3%A3o_de_Pesquisadores_em_Empresas_2019.pdf\">link<\/a>.<\/p>\n","protected":false},"excerpt":{"rendered":"<p>A Funda\u00e7\u00e3o de Amparo \u00e0 Pesquisa do Estado do Rio de Janeiro (Faperj), abriu edital para o programa Apoio \u00c0 Inser\u00e7\u00e3o de Pesquisadores em Empresas&hellip;<\/p>\n","protected":false},"author":1,"featured_media":2179,"comment_status":"closed","ping_status":"open","sticky":false,"template":"","format":"standard","meta":{"_exactmetrics_skip_tracking":false,"_exactmetrics_sitenote_active":false,"_exactmetrics_sitenote_note":"","_exactmetrics_sitenote_category":0,"footnotes":""},"categories":[10],"tags":[],"class_list":["post-2178","post","type-post","status-publish","format-standard","has-post-thumbnail","hentry","category-noticias"],"_links":{"self":[{"href":"https:\/\/acrj.org.br\/index.php\/wp-json\/wp\/v2\/posts\/2178","targetHints":{"allow":["GET"]}}],"collection":[{"href":"https:\/\/acrj.org.br\/index.php\/wp-json\/wp\/v2\/posts"}],"about":[{"href":"https:\/\/acrj.org.br\/index.php\/wp-json\/wp\/v2\/types\/post"}],"author":[{"embeddable":true,"href":"https:\/\/acrj.org.br\/index.php\/wp-json\/wp\/v2\/users\/1"}],"replies":[{"embeddable":true,"href":"https:\/\/acrj.org.br\/index.php\/wp-json\/wp\/v2\/comments?post=2178"}],"version-history":[{"count":0,"href":"https:\/\/acrj.org.br\/index.php\/wp-json\/wp\/v2\/posts\/2178\/revisions"}],"wp:featuredmedia":[{"embeddable":true,"href":"https:\/\/acrj.org.br\/index.php\/wp-json\/wp\/v2\/media\/2179"}],"wp:attachment":[{"href":"https:\/\/acrj.org.br\/index.php\/wp-json\/wp\/v2\/media?parent=2178"}],"wp:term":[{"taxonomy":"category","embeddable":true,"href":"https:\/\/acrj.org.br\/index.php\/wp-json\/wp\/v2\/categories?post=2178"},{"taxonomy":"post_tag","embeddable":true,"href":"https:\/\/acrj.org.br\/index.php\/wp-json\/wp\/v2\/tags?post=2178"}],"curies":[{"name":"wp","href":"https:\/\/api.w.org\/{rel}","templated":true}]}}