{"id":21772,"date":"2023-11-29T16:54:46","date_gmt":"2023-11-29T19:54:46","guid":{"rendered":"https:\/\/acrj.org.br\/?p=21772"},"modified":"2023-11-29T16:56:34","modified_gmt":"2023-11-29T19:56:34","slug":"acrj-participa-do-forum-internacional-de-comercio-exterior-e-inovacao-na-alerj","status":"publish","type":"post","link":"https:\/\/acrj.org.br\/index.php\/2023\/11\/29\/acrj-participa-do-forum-internacional-de-comercio-exterior-e-inovacao-na-alerj\/","title":{"rendered":"ACRJ participa do F\u00f3rum Internacional de Com\u00e9rcio Exterior e Inova\u00e7\u00e3o na ALERJ"},"content":{"rendered":"\n<p>Uma comitiva da ACRJ, representada pelo presidente do Conselho Superior, Ruy Barreto Filho, diretores e membros do Conselho Empresarial de Rela\u00e7\u00f5es Internacionais e Com\u00e9rcio Exterior, participou da abertura do 1\u00ba F\u00f3rum Internacional de Com\u00e9rcio Exterior e Inova\u00e7\u00e3o, dia 28 de novembro, na sede da Alerj &#8211; Assembleia Legislativa do Estado do Rio de Janeiro. A presidente do Conselho, Michelle Fernandes, integrou a mesa \u201cCom\u00e9rcio Exterior, Investimento e Cadeia de Suprimentos: Desvendando as Oportunidades entre Brasil e o continente Africano e sua di\u00e1spora\u201d.<\/p>\n\n\n\n<p>O evento \u00e9 uma iniciativa do Conselho Pan-Africano no Brasil, em colabora\u00e7\u00e3o com a Alerj e foi uma oportunidade para a discuss\u00e3o de oportunidades e colabora\u00e7\u00f5es entre o Brasil, o continente africano, sobretudo nas \u00e1reas de inova\u00e7\u00e3o e comercial. No dia 29 de novembro aconteceu a solenidade de lan\u00e7amento da<br>Agenda 2024 do Conselho Pan-Africano no Brasil, no Pal\u00e1cio Tiradentes. O lan\u00e7amento da Agenda 2024 reuniu autoridades brasileiras e estrangeiras, investidores, empresas de destaque e organiza\u00e7\u00f5es do terceiro setor.<\/p>\n\n\n\n<figure class=\"wp-block-gallery has-nested-images columns-default is-cropped wp-block-gallery-1 is-layout-flex wp-block-gallery-is-layout-flex\">\n<figure class=\"wp-block-image size-large\"><img fetchpriority=\"high\" decoding=\"async\" width=\"1024\" height=\"682\" data-id=\"21774\" src=\"https:\/\/acrj.org.br\/wp-content\/uploads\/2023\/11\/michelle-1024x682.jpg\" alt=\"\" class=\"wp-image-21774\" srcset=\"https:\/\/acrj.org.br\/wp-content\/uploads\/2023\/11\/michelle-1024x682.jpg 1024w, https:\/\/acrj.org.br\/wp-content\/uploads\/2023\/11\/michelle-600x400.jpg 600w, https:\/\/acrj.org.br\/wp-content\/uploads\/2023\/11\/michelle-300x200.jpg 300w, https:\/\/acrj.org.br\/wp-content\/uploads\/2023\/11\/michelle-768x512.jpg 768w, https:\/\/acrj.org.br\/wp-content\/uploads\/2023\/11\/michelle-1536x1024.jpg 1536w, https:\/\/acrj.org.br\/wp-content\/uploads\/2023\/11\/michelle.jpg 1688w\" sizes=\"(max-width: 1024px) 100vw, 1024px\" \/><figcaption class=\"wp-element-caption\">Michelle Fernandes no painel<\/figcaption><\/figure>\n\n\n\n<figure class=\"wp-block-image size-large\"><img decoding=\"async\" width=\"1024\" height=\"682\" data-id=\"21775\" src=\"https:\/\/acrj.org.br\/wp-content\/uploads\/2023\/11\/painel-1024x682.jpg\" alt=\"\" class=\"wp-image-21775\" srcset=\"https:\/\/acrj.org.br\/wp-content\/uploads\/2023\/11\/painel-1024x682.jpg 1024w, https:\/\/acrj.org.br\/wp-content\/uploads\/2023\/11\/painel-600x400.jpg 600w, https:\/\/acrj.org.br\/wp-content\/uploads\/2023\/11\/painel-300x200.jpg 300w, https:\/\/acrj.org.br\/wp-content\/uploads\/2023\/11\/painel-768x512.jpg 768w, https:\/\/acrj.org.br\/wp-content\/uploads\/2023\/11\/painel-1536x1024.jpg 1536w, https:\/\/acrj.org.br\/wp-content\/uploads\/2023\/11\/painel.jpg 1688w\" sizes=\"(max-width: 1024px) 100vw, 1024px\" \/><figcaption class=\"wp-element-caption\">Integrantes do painel <\/figcaption><\/figure>\n<\/figure>\n\n\n\n<p>Fotos: Kaique Galiza<\/p>\n","protected":false},"excerpt":{"rendered":"<p>Uma comitiva da ACRJ, representada pelo presidente do Conselho Superior, Ruy Barreto Filho, diretores e membros do Conselho Empresarial de Rela\u00e7\u00f5es Internacionais e Com\u00e9rcio Exterior,&hellip;<\/p>\n","protected":false},"author":3,"featured_media":21773,"comment_status":"closed","ping_status":"open","sticky":false,"template":"","format":"standard","meta":{"_exactmetrics_skip_tracking":false,"_exactmetrics_sitenote_active":false,"_exactmetrics_sitenote_note":"","_exactmetrics_sitenote_category":0,"footnotes":""},"categories":[10],"tags":[],"class_list":["post-21772","post","type-post","status-publish","format-standard","has-post-thumbnail","hentry","category-noticias"],"_links":{"self":[{"href":"https:\/\/acrj.org.br\/index.php\/wp-json\/wp\/v2\/posts\/21772","targetHints":{"allow":["GET"]}}],"collection":[{"href":"https:\/\/acrj.org.br\/index.php\/wp-json\/wp\/v2\/posts"}],"about":[{"href":"https:\/\/acrj.org.br\/index.php\/wp-json\/wp\/v2\/types\/post"}],"author":[{"embeddable":true,"href":"https:\/\/acrj.org.br\/index.php\/wp-json\/wp\/v2\/users\/3"}],"replies":[{"embeddable":true,"href":"https:\/\/acrj.org.br\/index.php\/wp-json\/wp\/v2\/comments?post=21772"}],"version-history":[{"count":0,"href":"https:\/\/acrj.org.br\/index.php\/wp-json\/wp\/v2\/posts\/21772\/revisions"}],"wp:featuredmedia":[{"embeddable":true,"href":"https:\/\/acrj.org.br\/index.php\/wp-json\/wp\/v2\/media\/21773"}],"wp:attachment":[{"href":"https:\/\/acrj.org.br\/index.php\/wp-json\/wp\/v2\/media?parent=21772"}],"wp:term":[{"taxonomy":"category","embeddable":true,"href":"https:\/\/acrj.org.br\/index.php\/wp-json\/wp\/v2\/categories?post=21772"},{"taxonomy":"post_tag","embeddable":true,"href":"https:\/\/acrj.org.br\/index.php\/wp-json\/wp\/v2\/tags?post=21772"}],"curies":[{"name":"wp","href":"https:\/\/api.w.org\/{rel}","templated":true}]}}