{"id":21680,"date":"2023-11-21T15:23:09","date_gmt":"2023-11-21T18:23:09","guid":{"rendered":"https:\/\/acrj.org.br\/?p=21680"},"modified":"2023-11-24T10:50:09","modified_gmt":"2023-11-24T13:50:09","slug":"conselho-de-cultura-da-acrj-promove-seminario-sobre-moda","status":"publish","type":"post","link":"https:\/\/acrj.org.br\/index.php\/2023\/11\/21\/conselho-de-cultura-da-acrj-promove-seminario-sobre-moda\/","title":{"rendered":"Conselho de Cultura da ACRJ promove semin\u00e1rio sobre Moda"},"content":{"rendered":"\n<p><strong>\u201c<\/strong>Moda: compromissos, responsabilidade e inova\u00e7\u00f5es\u201d \u00e9 o tema do semin\u00e1rio promovido pelo Conselho Empresarial de Cultura, dia 28 de novembro, a partir das 14h, na sede da ACRJ, no Centro do Rio. O semin\u00e1rio \u00e9 uma iniciativa do Comit\u00ea de Moda Zuzu Angel, como parte da programa\u00e7\u00e3o de atividades do Conselho, em parceria do Instituto Zuzu Angel.<\/p>\n\n\n\n<p>O semin\u00e1rio contar\u00e1 com quatro pain\u00e9is e a presen\u00e7a de especialistas no setor de moda, como estilistas, jornalistas e figuristas, empres\u00e1rios, acad\u00eamicos, entre outros. O primeiro painel, sobre <strong>Cria\u00e7\u00e3o<\/strong>, ter\u00e1 como mediadora, Hildegard Angel, representando o Instituto Zuzu Angel. <strong>Apresenta\u00e7\u00e3o e Marketing de Produto<\/strong>, tema do segundo painel, ter\u00e1 media\u00e7\u00e3o de Celina de Farias, do Conselho de Cultura e do Instituto Zuzu Angel. A vice-presidente do Conselho de Cultura, Maria Luiz Nobre de Almeida, vai mediar o terceiro painel, sobre <strong>Comercializa\u00e7\u00e3o e Franquias<\/strong>. Encerrando o encontro, o quarto e \u00faltimo painel vai tratar de <strong>Novos Materiais e Conceitos, <\/strong>com media\u00e7\u00e3o de Hildegard Angel. (Programa\u00e7\u00e3o abaixo)<\/p>\n\n\n\n<p>O semin\u00e1rio \u00e9 gratuito mediante inscri\u00e7\u00e3o pr\u00e9via neste <strong><a href=\"https:\/\/docs.google.com\/forms\/d\/e\/1FAIpQLSeFOmf2QSJi-ucWaZAjq96Zdn_zPHKK_k1xnRE46OSMXkB7zQ\/viewform\">link<\/a><\/strong><\/p>\n\n\n\n<p><strong>SERVI\u00c7O<\/strong><\/p>\n\n\n\n<p>Semin\u00e1rio<strong> Moda: compromissos, responsabilidade inova\u00e7\u00f5es<\/strong><\/p>\n\n\n\n<p>Dia 28 de novembro \u2013 das 14h \u00e0s 18h <\/p>\n\n\n\n<p>Local: Sede da ACRJ \u2013 Rua Candel\u00e1ria, 9 \u2013 Centro do Rio Informa\u00e7\u00f5es: 2514-1203<\/p>\n\n\n\n<figure class=\"wp-block-image size-large is-resized\"><img fetchpriority=\"high\" decoding=\"async\" width=\"450\" height=\"1024\" src=\"https:\/\/acrj.org.br\/wp-content\/uploads\/2023\/11\/seminario-Moda-1-450x1024.jpeg\" alt=\"\" class=\"wp-image-21684\" style=\"width:367px;height:auto\" srcset=\"https:\/\/acrj.org.br\/wp-content\/uploads\/2023\/11\/seminario-Moda-1-450x1024.jpeg 450w, https:\/\/acrj.org.br\/wp-content\/uploads\/2023\/11\/seminario-Moda-1-600x1366.jpeg 600w, https:\/\/acrj.org.br\/wp-content\/uploads\/2023\/11\/seminario-Moda-1-132x300.jpeg 132w, https:\/\/acrj.org.br\/wp-content\/uploads\/2023\/11\/seminario-Moda-1-675x1536.jpeg 675w, https:\/\/acrj.org.br\/wp-content\/uploads\/2023\/11\/seminario-Moda-1.jpeg 703w\" sizes=\"(max-width: 450px) 100vw, 450px\" \/><\/figure>\n","protected":false},"excerpt":{"rendered":"<p>\u201cModa: compromissos, responsabilidade e inova\u00e7\u00f5es\u201d \u00e9 o tema do semin\u00e1rio promovido pelo Conselho Empresarial de Cultura, dia 28 de novembro, a partir das 14h, na&hellip;<\/p>\n","protected":false},"author":3,"featured_media":21682,"comment_status":"closed","ping_status":"closed","sticky":false,"template":"","format":"standard","meta":{"_exactmetrics_skip_tracking":false,"_exactmetrics_sitenote_active":false,"_exactmetrics_sitenote_note":"","_exactmetrics_sitenote_category":0,"footnotes":""},"categories":[6],"tags":[],"class_list":["post-21680","post","type-post","status-publish","format-standard","has-post-thumbnail","hentry","category-destaque_noticias"],"_links":{"self":[{"href":"https:\/\/acrj.org.br\/index.php\/wp-json\/wp\/v2\/posts\/21680","targetHints":{"allow":["GET"]}}],"collection":[{"href":"https:\/\/acrj.org.br\/index.php\/wp-json\/wp\/v2\/posts"}],"about":[{"href":"https:\/\/acrj.org.br\/index.php\/wp-json\/wp\/v2\/types\/post"}],"author":[{"embeddable":true,"href":"https:\/\/acrj.org.br\/index.php\/wp-json\/wp\/v2\/users\/3"}],"replies":[{"embeddable":true,"href":"https:\/\/acrj.org.br\/index.php\/wp-json\/wp\/v2\/comments?post=21680"}],"version-history":[{"count":0,"href":"https:\/\/acrj.org.br\/index.php\/wp-json\/wp\/v2\/posts\/21680\/revisions"}],"wp:featuredmedia":[{"embeddable":true,"href":"https:\/\/acrj.org.br\/index.php\/wp-json\/wp\/v2\/media\/21682"}],"wp:attachment":[{"href":"https:\/\/acrj.org.br\/index.php\/wp-json\/wp\/v2\/media?parent=21680"}],"wp:term":[{"taxonomy":"category","embeddable":true,"href":"https:\/\/acrj.org.br\/index.php\/wp-json\/wp\/v2\/categories?post=21680"},{"taxonomy":"post_tag","embeddable":true,"href":"https:\/\/acrj.org.br\/index.php\/wp-json\/wp\/v2\/tags?post=21680"}],"curies":[{"name":"wp","href":"https:\/\/api.w.org\/{rel}","templated":true}]}}