{"id":21664,"date":"2023-11-17T14:42:27","date_gmt":"2023-11-17T17:42:27","guid":{"rendered":"https:\/\/acrj.org.br\/?p=21664"},"modified":"2024-01-05T14:47:50","modified_gmt":"2024-01-05T17:47:50","slug":"conselho-superior-realiza-ultima-reuniao-do-ano-e-faz-balanco-de-atividades-da-acrj","status":"publish","type":"post","link":"https:\/\/acrj.org.br\/index.php\/2023\/11\/17\/conselho-superior-realiza-ultima-reuniao-do-ano-e-faz-balanco-de-atividades-da-acrj\/","title":{"rendered":"\u00daltima reuni\u00e3o do ano do Conselho Superior faz balan\u00e7o de atividades da ACRJ"},"content":{"rendered":"\n<p>O Conselho Superior da ACRJ realizou reuni\u00e3o extraordin\u00e1ria nesta sexta-feira (17\/11) para debater, entre outros assuntos, a aliena\u00e7\u00e3o de a\u00e7\u00f5es do Banco do Brasil para fins de investimento na Associa\u00e7\u00e3o Comercial, conforme decis\u00e3o aprovada em reuni\u00e3o da Diretoria Administrativa, apoiada pelo Conselho Diretor, e no Conselho Fiscal da Casa. Ap\u00f3s leitura do parecer favor\u00e1vel pelo membro do Conselho Fiscal, Corintho de Arruda Falc\u00e3o Filho, a medida foi votada e aprovada pelos membros do Conselho Superior presentes. Os recursos provenientes da venda das a\u00e7\u00f5es ser\u00e3o utilizados para projetos de renova\u00e7\u00e3o do parque tecnol\u00f3gico da ACRJ.<\/p>\n\n\n\n<p>A \u00faltima reuni\u00e3o do ano do Conselho Superior foi aberta e conduzida pelo presidente Ruy Barreto Filho e contou com a presen\u00e7a da vice-presidente, Marta Arakaki, e do diretor-secret\u00e1rio, Marco Ant\u00f4nio Moreira Leite, al\u00e9m do presidente da ACRJ, Josier Vilar.<\/p>\n\n\n\n<p>Os membros do Conselho tamb\u00e9m votaram e aprovaram os nomes dos indicados para tr\u00eas vagas de benem\u00e9ritos. Os associados e diretores da Casa, C\u00e9lia Domingues, que ocupar\u00e1 a vaga deixada por C\u00e9lio Borja; Mauro Viegas Filho, na vaga de seu pai, Mauro Viegas; e Raphael Barreto, na vaga de seu pai, o ex-presidente da ACRJ, Ruy Barreto foram eleitos por unanimidade pelos demais membros e s\u00e3o os novos benem\u00e9ritos.<\/p>\n\n\n\n<p>O presidente da ACRJ Josier Vilar fez um balan\u00e7o de seus quatro primeiros meses de mandato, destacando algumas iniciativas realizadas e outras em planejamento para 2024. A prioridade, segundo ele, ser\u00e1 a recupera\u00e7\u00e3o e moderniza\u00e7\u00e3o do pr\u00e9dio-sede atrav\u00e9s da Lei de Incentivo Cultural, cujo projeto est\u00e1 aprovado e em fase de capta\u00e7\u00e3o de recursos. As obras incluem a reforma da fachada e obras de infraestrutura predial nas partes el\u00e9trica e hidr\u00e1ulica. Tamb\u00e9m est\u00e1 programada a renova\u00e7\u00e3o do parque tecnol\u00f3gico da ACRJ. \u201cEsta \u00e1rea encontra-se totalmente defasada para atender as demandas de uma Associa\u00e7\u00e3o Empresarial moderna e para isso estamos finalizando um diagn\u00f3stico para iniciar esta moderniza\u00e7\u00e3o, que agora poder\u00e1 contar com os recursos hoje aprovados, al\u00e9m de outros que poderemos captar\u201d, informou o presidente.<\/p>\n\n\n\n<p>Esta renova\u00e7\u00e3o tecnol\u00f3gica, segundo ele, permitir\u00e1 a implanta\u00e7\u00e3o de uma plataforma de servi\u00e7os para associados, fruto de uma parceria com a Associa\u00e7\u00e3o Comercial de S\u00e3o Paulo (ACSP) e a Confedera\u00e7\u00e3o das Associa\u00e7\u00f5es Comerciais e Empresariais do Brasil (CACB). A Loja do Empreendedor, uma esp\u00e9cie de poupa tempo empresarial, e o N\u00facleo de Intelig\u00eancia Competitiva tamb\u00e9m foram mencionados pelo presidente como metas para 2024. Ele ainda comentou sobre sua participa\u00e7\u00e3o na reuni\u00e3o do Conselho Deliberativo da CACB, no dia 13\/11, em Bras\u00edlia, marcando a reintegra\u00e7\u00e3o da ACRJ no sistema associativo nacional.<\/p>\n\n\n\n<figure class=\"wp-block-image size-large is-resized\"><img fetchpriority=\"high\" decoding=\"async\" width=\"1024\" height=\"768\" src=\"https:\/\/acrj.org.br\/wp-content\/uploads\/2023\/11\/contagem-dos-votos-1024x768.jpeg\" alt=\"\" class=\"wp-image-21667\" style=\"width:360px;height:auto\" srcset=\"https:\/\/acrj.org.br\/wp-content\/uploads\/2023\/11\/contagem-dos-votos-1024x768.jpeg 1024w, https:\/\/acrj.org.br\/wp-content\/uploads\/2023\/11\/contagem-dos-votos-600x450.jpeg 600w, https:\/\/acrj.org.br\/wp-content\/uploads\/2023\/11\/contagem-dos-votos-300x225.jpeg 300w, https:\/\/acrj.org.br\/wp-content\/uploads\/2023\/11\/contagem-dos-votos-768x576.jpeg 768w, https:\/\/acrj.org.br\/wp-content\/uploads\/2023\/11\/contagem-dos-votos-1536x1152.jpeg 1536w, https:\/\/acrj.org.br\/wp-content\/uploads\/2023\/11\/contagem-dos-votos.jpeg 1600w\" sizes=\"(max-width: 1024px) 100vw, 1024px\" \/><figcaption class=\"wp-element-caption\">Marta Arakaki e Eduardo Rebuzzi fazem a<br> contagem dos votos que elegeram os<br>tr\u00eas novos benem\u00e9ritos<\/figcaption><\/figure>\n","protected":false},"excerpt":{"rendered":"<p>O Conselho Superior da ACRJ realizou reuni\u00e3o extraordin\u00e1ria nesta sexta-feira (17\/11) para debater, entre outros assuntos, a aliena\u00e7\u00e3o de a\u00e7\u00f5es do Banco do Brasil para&hellip;<\/p>\n","protected":false},"author":3,"featured_media":21666,"comment_status":"closed","ping_status":"closed","sticky":false,"template":"","format":"standard","meta":{"_exactmetrics_skip_tracking":false,"_exactmetrics_sitenote_active":false,"_exactmetrics_sitenote_note":"","_exactmetrics_sitenote_category":0,"footnotes":""},"categories":[6],"tags":[],"class_list":["post-21664","post","type-post","status-publish","format-standard","has-post-thumbnail","hentry","category-destaque_noticias"],"_links":{"self":[{"href":"https:\/\/acrj.org.br\/index.php\/wp-json\/wp\/v2\/posts\/21664","targetHints":{"allow":["GET"]}}],"collection":[{"href":"https:\/\/acrj.org.br\/index.php\/wp-json\/wp\/v2\/posts"}],"about":[{"href":"https:\/\/acrj.org.br\/index.php\/wp-json\/wp\/v2\/types\/post"}],"author":[{"embeddable":true,"href":"https:\/\/acrj.org.br\/index.php\/wp-json\/wp\/v2\/users\/3"}],"replies":[{"embeddable":true,"href":"https:\/\/acrj.org.br\/index.php\/wp-json\/wp\/v2\/comments?post=21664"}],"version-history":[{"count":0,"href":"https:\/\/acrj.org.br\/index.php\/wp-json\/wp\/v2\/posts\/21664\/revisions"}],"wp:featuredmedia":[{"embeddable":true,"href":"https:\/\/acrj.org.br\/index.php\/wp-json\/wp\/v2\/media\/21666"}],"wp:attachment":[{"href":"https:\/\/acrj.org.br\/index.php\/wp-json\/wp\/v2\/media?parent=21664"}],"wp:term":[{"taxonomy":"category","embeddable":true,"href":"https:\/\/acrj.org.br\/index.php\/wp-json\/wp\/v2\/categories?post=21664"},{"taxonomy":"post_tag","embeddable":true,"href":"https:\/\/acrj.org.br\/index.php\/wp-json\/wp\/v2\/tags?post=21664"}],"curies":[{"name":"wp","href":"https:\/\/api.w.org\/{rel}","templated":true}]}}