{"id":21439,"date":"2023-11-10T17:20:52","date_gmt":"2023-11-10T20:20:52","guid":{"rendered":"https:\/\/acrj.org.br\/?p=21439"},"modified":"2023-11-13T15:43:19","modified_gmt":"2023-11-13T18:43:19","slug":"conselho-de-varejo-promove-debate-sobre-como-a-inteligencia-artificial-pode-revolucionar-este-segmento","status":"publish","type":"post","link":"https:\/\/acrj.org.br\/index.php\/2023\/11\/10\/conselho-de-varejo-promove-debate-sobre-como-a-inteligencia-artificial-pode-revolucionar-este-segmento\/","title":{"rendered":"Conselho de Varejo promove debate sobre como a intelig\u00eancia artificial pode revolucionar o segmento"},"content":{"rendered":"\n<p>O membro do Conselho Empresarial de Varejo da ACRJ, Allan Miranda, fez uma apresenta\u00e7\u00e3o, durante a reuni\u00e3o do dia 10 de novembro, sobre intelig\u00eancia artificial (IA) e seu potencial de revolucionar o varejo, abordando os benef\u00edcios significativos para as empresas e os consumidores.<\/p>\n\n\n\n<p>Allan mostrou a evolu\u00e7\u00e3o da intelig\u00eancia artificial desde a d\u00e9cada de 1950 at\u00e9 os dias atuais e como as ferramentas dispon\u00edveis podem ajudar diversas \u00e1reas do varejo. Seja identificando e novos segmentos de mercado com potencial de receita, otimizando processos e reduzindo desperd\u00edcio at\u00e9 a cria\u00e7\u00e3o de experi\u00eancias interativas e imersivas para envolver os clientes. De acordo com ele, o poder da IA \u201creside na combina\u00e7\u00e3o estrat\u00e9gica das abordagens, cada uma fortalecendo a outra para fornecer solu\u00e7\u00f5es superiores\u201d. Confira <strong><a href=\"https:\/\/gamma.app\/docs\/COMO-A-INTELIGENCIA-ARTIFICIAL-PODE-CONTRIBUIR-COM-O-VAREJO-6xbttrcm7bi081r?mode=doc\">aqui <\/a><\/strong>a apresenta\u00e7\u00e3o. <\/p>\n\n\n\n<p>O presidente do Conselho, Juedir Teixeira, fez um breve relato sobre a Reforma Tribut\u00e1ria (PEC 45), aprovada no Senado, destacando os t\u00f3picos de interesse do setor varejista e de servi\u00e7os. Entre outras resolu\u00e7\u00f5es, ser\u00e3o criados um Fundo Regional, no valor de R$ 60 bilh\u00f5es para uso em projetos de infraestrutura e empreendimentos geradores de emprego, e um Fundo de Compensa\u00e7\u00e3o de Benef\u00edcios Fiscais do ICMS. Este fundo compensar\u00e1, a partir de 2029, as pessoas jur\u00eddicas que usufruam de benef\u00edcios fiscais do ICMS. O coment\u00e1rio completo est\u00e1 dispon\u00edvel <strong><a href=\"https:\/\/acrj.org.br\/wp-content\/uploads\/2023\/11\/Conselho-de-Varejo_ACRJ_10_11.pdf\">aqui<\/a><\/strong>\u00a0 <\/p>\n\n\n\n<figure class=\"wp-block-gallery has-nested-images columns-4 is-cropped wp-block-gallery-1 is-layout-flex wp-block-gallery-is-layout-flex\">\n<figure class=\"wp-block-image size-large\"><img fetchpriority=\"high\" decoding=\"async\" width=\"1024\" height=\"768\" data-id=\"21443\" src=\"https:\/\/acrj.org.br\/wp-content\/uploads\/2023\/11\/foto-1024x768.jpg\" alt=\"\" class=\"wp-image-21443\" srcset=\"https:\/\/acrj.org.br\/wp-content\/uploads\/2023\/11\/foto-1024x768.jpg 1024w, https:\/\/acrj.org.br\/wp-content\/uploads\/2023\/11\/foto-600x450.jpg 600w, https:\/\/acrj.org.br\/wp-content\/uploads\/2023\/11\/foto-300x225.jpg 300w, https:\/\/acrj.org.br\/wp-content\/uploads\/2023\/11\/foto-768x576.jpg 768w, https:\/\/acrj.org.br\/wp-content\/uploads\/2023\/11\/foto.jpg 1500w\" sizes=\"(max-width: 1024px) 100vw, 1024px\" \/><\/figure>\n\n\n\n<figure class=\"wp-block-image size-large\"><img decoding=\"async\" width=\"1024\" height=\"768\" data-id=\"21445\" src=\"https:\/\/acrj.org.br\/wp-content\/uploads\/2023\/11\/foto2-1024x768.jpg\" alt=\"\" class=\"wp-image-21445\" srcset=\"https:\/\/acrj.org.br\/wp-content\/uploads\/2023\/11\/foto2-1024x768.jpg 1024w, https:\/\/acrj.org.br\/wp-content\/uploads\/2023\/11\/foto2-600x450.jpg 600w, https:\/\/acrj.org.br\/wp-content\/uploads\/2023\/11\/foto2-300x225.jpg 300w, https:\/\/acrj.org.br\/wp-content\/uploads\/2023\/11\/foto2-768x576.jpg 768w, https:\/\/acrj.org.br\/wp-content\/uploads\/2023\/11\/foto2.jpg 1500w\" sizes=\"(max-width: 1024px) 100vw, 1024px\" \/><\/figure>\n<\/figure>\n\n\n\n<p><\/p>\n","protected":false},"excerpt":{"rendered":"<p>O membro do Conselho Empresarial de Varejo da ACRJ, Allan Miranda, fez uma apresenta\u00e7\u00e3o, durante a reuni\u00e3o do dia 10 de novembro, sobre intelig\u00eancia artificial&hellip;<\/p>\n","protected":false},"author":3,"featured_media":21442,"comment_status":"closed","ping_status":"closed","sticky":false,"template":"","format":"standard","meta":{"_exactmetrics_skip_tracking":false,"_exactmetrics_sitenote_active":false,"_exactmetrics_sitenote_note":"","_exactmetrics_sitenote_category":0,"footnotes":""},"categories":[10,49],"tags":[],"class_list":["post-21439","post","type-post","status-publish","format-standard","has-post-thumbnail","hentry","category-noticias","category-varejo-noticias"],"_links":{"self":[{"href":"https:\/\/acrj.org.br\/index.php\/wp-json\/wp\/v2\/posts\/21439","targetHints":{"allow":["GET"]}}],"collection":[{"href":"https:\/\/acrj.org.br\/index.php\/wp-json\/wp\/v2\/posts"}],"about":[{"href":"https:\/\/acrj.org.br\/index.php\/wp-json\/wp\/v2\/types\/post"}],"author":[{"embeddable":true,"href":"https:\/\/acrj.org.br\/index.php\/wp-json\/wp\/v2\/users\/3"}],"replies":[{"embeddable":true,"href":"https:\/\/acrj.org.br\/index.php\/wp-json\/wp\/v2\/comments?post=21439"}],"version-history":[{"count":0,"href":"https:\/\/acrj.org.br\/index.php\/wp-json\/wp\/v2\/posts\/21439\/revisions"}],"wp:featuredmedia":[{"embeddable":true,"href":"https:\/\/acrj.org.br\/index.php\/wp-json\/wp\/v2\/media\/21442"}],"wp:attachment":[{"href":"https:\/\/acrj.org.br\/index.php\/wp-json\/wp\/v2\/media?parent=21439"}],"wp:term":[{"taxonomy":"category","embeddable":true,"href":"https:\/\/acrj.org.br\/index.php\/wp-json\/wp\/v2\/categories?post=21439"},{"taxonomy":"post_tag","embeddable":true,"href":"https:\/\/acrj.org.br\/index.php\/wp-json\/wp\/v2\/tags?post=21439"}],"curies":[{"name":"wp","href":"https:\/\/api.w.org\/{rel}","templated":true}]}}