{"id":21436,"date":"2023-11-10T15:31:19","date_gmt":"2023-11-10T18:31:19","guid":{"rendered":"https:\/\/acrj.org.br\/?p=21436"},"modified":"2023-11-13T11:38:57","modified_gmt":"2023-11-13T14:38:57","slug":"medalhista-olimpico-bernardinho-faz-palestra-na-acrj-na-proxima-5a-feira-16-11","status":"publish","type":"post","link":"https:\/\/acrj.org.br\/index.php\/2023\/11\/10\/medalhista-olimpico-bernardinho-faz-palestra-na-acrj-na-proxima-5a-feira-16-11\/","title":{"rendered":"Medalhista ol\u00edmpico Bernardinho faz palestra na ACRJ na pr\u00f3xima 5\u00aa feira (16\/11)"},"content":{"rendered":"\n<p>O medalhista ol\u00edmpico Bernardinho ser\u00e1 recebido, dia 16 de novembro, pelo presidente da ACRJ, Josier Vilar, na sede da Associa\u00e7\u00e3o Comercial do Rio. O t\u00e9cnico e escritor participa da reuni\u00e3o do Conselho Empresarial de Jovens e far\u00e1 a palestra \u201cLideran\u00e7a para a Transforma\u00e7\u00e3o\u201d, a partir das 12 horas. O encontro ter\u00e1 a media\u00e7\u00e3o do presidente do Conselho, Pedro Rafael. <\/p>\n\n\n\n<p>O evento ser\u00e1 um almo\u00e7o por ades\u00e3o individual. Inscri\u00e7\u00f5es <strong><a href=\"https:\/\/forms.gle\/7MjbduUQvb6LbTQy9\">aqui<\/a><\/strong>. Outras informa\u00e7\u00f5es podem ser obtidas pelo telefone: 2514-1203 ou email: cecilia@acrj.org.br .<\/p>\n\n\n\n<p><strong>Servi\u00e7o<br><\/strong>Palestra \u201c<em>Lideran\u00e7a para a Transforma\u00e7\u00e3o\u201d<\/em><br>Dia 16\/11, \u00e0s 12h<br>Local: Sede da ACRJ (Rua Candel\u00e1ria, 9 \u2013 Centro do Rio)<\/p>\n","protected":false},"excerpt":{"rendered":"<p>O medalhista ol\u00edmpico Bernardinho ser\u00e1 recebido, dia 16 de novembro, pelo presidente da ACRJ, Josier Vilar, na sede da Associa\u00e7\u00e3o Comercial do Rio. O t\u00e9cnico&hellip;<\/p>\n","protected":false},"author":3,"featured_media":21452,"comment_status":"closed","ping_status":"closed","sticky":false,"template":"","format":"standard","meta":{"_exactmetrics_skip_tracking":false,"_exactmetrics_sitenote_active":false,"_exactmetrics_sitenote_note":"","_exactmetrics_sitenote_category":0,"footnotes":""},"categories":[6],"tags":[],"class_list":["post-21436","post","type-post","status-publish","format-standard","has-post-thumbnail","hentry","category-destaque_noticias"],"_links":{"self":[{"href":"https:\/\/acrj.org.br\/index.php\/wp-json\/wp\/v2\/posts\/21436","targetHints":{"allow":["GET"]}}],"collection":[{"href":"https:\/\/acrj.org.br\/index.php\/wp-json\/wp\/v2\/posts"}],"about":[{"href":"https:\/\/acrj.org.br\/index.php\/wp-json\/wp\/v2\/types\/post"}],"author":[{"embeddable":true,"href":"https:\/\/acrj.org.br\/index.php\/wp-json\/wp\/v2\/users\/3"}],"replies":[{"embeddable":true,"href":"https:\/\/acrj.org.br\/index.php\/wp-json\/wp\/v2\/comments?post=21436"}],"version-history":[{"count":0,"href":"https:\/\/acrj.org.br\/index.php\/wp-json\/wp\/v2\/posts\/21436\/revisions"}],"wp:featuredmedia":[{"embeddable":true,"href":"https:\/\/acrj.org.br\/index.php\/wp-json\/wp\/v2\/media\/21452"}],"wp:attachment":[{"href":"https:\/\/acrj.org.br\/index.php\/wp-json\/wp\/v2\/media?parent=21436"}],"wp:term":[{"taxonomy":"category","embeddable":true,"href":"https:\/\/acrj.org.br\/index.php\/wp-json\/wp\/v2\/categories?post=21436"},{"taxonomy":"post_tag","embeddable":true,"href":"https:\/\/acrj.org.br\/index.php\/wp-json\/wp\/v2\/tags?post=21436"}],"curies":[{"name":"wp","href":"https:\/\/api.w.org\/{rel}","templated":true}]}}