{"id":21430,"date":"2023-11-10T14:23:08","date_gmt":"2023-11-10T17:23:08","guid":{"rendered":"https:\/\/acrj.org.br\/?p=21430"},"modified":"2023-11-10T14:24:13","modified_gmt":"2023-11-10T17:24:13","slug":"empresas-podem-concorrer-ao-selo-empresa-amiga-da-mulher","status":"publish","type":"post","link":"https:\/\/acrj.org.br\/index.php\/2023\/11\/10\/empresas-podem-concorrer-ao-selo-empresa-amiga-da-mulher\/","title":{"rendered":"Est\u00e3o abertas as incri\u00e7\u00f5es para concorrer ao Selo &#8220;Empresa Amiga da Mulher&#8221;"},"content":{"rendered":"\n<p>O Governo do Estado do Rio de Janeiro, atrav\u00e9s Secretarias de Estado da Mulher e de Desenvolvimento Econ\u00f4mico, Ind\u00fastria, Com\u00e9rcio e Servi\u00e7os, lan\u00e7ou em outubro o Selo Empresa Amiga da Mulher. Ele ser\u00e1 conferido anualmente \u00e0s empresas que contribu\u00edrem com a\u00e7\u00f5es e projetos de promo\u00e7\u00e3o e defesa dos direitos da mulher no estado do Rio de Janeiro. Podem participar as empresas p\u00fablicas e privadas que possuam pr\u00e1ticas e desenvolvam programas que assegurem os direitos humanos das mulheres e promovam a equidade de g\u00eanero no ambiente de trabalho.<\/p>\n\n\n\n<p>As empresas ter\u00e3o at\u00e9 o dia 10 de dezembro para se inscreverem, de acordo com regulamento que consta no edital de sele\u00e7\u00e3o <strong><a href=\"https:\/\/drive.google.com\/file\/d\/151YwCL5elo7qQLGKiDZmuzjfeP25z1iW\/view?pli=1\">(acesse aqui<\/a><\/strong>). A an\u00e1lise da documenta\u00e7\u00e3o e sele\u00e7\u00e3o dos inscritos ocorrer\u00e1 do dia 11 de dezembro at\u00e9 21 de fevereiro de 2024. As empresas contempladas ser\u00e3o divulgadas publicamente no dia 28 de fevereiro de 2024.<\/p>\n\n\n\n<p>Para concorrer, as empresas precisar\u00e3o apresentar carta de compromisso com planejamento de a\u00e7\u00f5es, projetos e programas, bem como conv\u00eanios, parcerias com \u00f3rg\u00e3os ou empresas p\u00fablicas ou privadas, entidades filantr\u00f3picas e associa\u00e7\u00f5es que visem \u00e0 qualifica\u00e7\u00e3o profissional, a inclus\u00e3o, o bem-estar e o desenvolvimento da mulher no mercado de trabalho e na sociedade.<\/p>\n\n\n\n<p>As Secretarias de Estado da Mulher e de Desenvolvimento Econ\u00f4mico, Ind\u00fastria, Com\u00e9rcio e Servi\u00e7os v\u00e3o nomear a comiss\u00e3o avaliadora dos processos que pleitearem a Selo. <strong><a href=\"https:\/\/www.secmulher.rj.gov.br\/node\/386\">Saiba mais<\/a><\/strong><\/p>\n","protected":false},"excerpt":{"rendered":"<p>O Governo do Estado do Rio de Janeiro, atrav\u00e9s Secretarias de Estado da Mulher e de Desenvolvimento Econ\u00f4mico, Ind\u00fastria, Com\u00e9rcio e Servi\u00e7os, lan\u00e7ou em outubro&hellip;<\/p>\n","protected":false},"author":3,"featured_media":21431,"comment_status":"closed","ping_status":"closed","sticky":false,"template":"","format":"standard","meta":{"_exactmetrics_skip_tracking":false,"_exactmetrics_sitenote_active":false,"_exactmetrics_sitenote_note":"","_exactmetrics_sitenote_category":0,"footnotes":""},"categories":[10],"tags":[],"class_list":["post-21430","post","type-post","status-publish","format-standard","has-post-thumbnail","hentry","category-noticias"],"_links":{"self":[{"href":"https:\/\/acrj.org.br\/index.php\/wp-json\/wp\/v2\/posts\/21430","targetHints":{"allow":["GET"]}}],"collection":[{"href":"https:\/\/acrj.org.br\/index.php\/wp-json\/wp\/v2\/posts"}],"about":[{"href":"https:\/\/acrj.org.br\/index.php\/wp-json\/wp\/v2\/types\/post"}],"author":[{"embeddable":true,"href":"https:\/\/acrj.org.br\/index.php\/wp-json\/wp\/v2\/users\/3"}],"replies":[{"embeddable":true,"href":"https:\/\/acrj.org.br\/index.php\/wp-json\/wp\/v2\/comments?post=21430"}],"version-history":[{"count":0,"href":"https:\/\/acrj.org.br\/index.php\/wp-json\/wp\/v2\/posts\/21430\/revisions"}],"wp:featuredmedia":[{"embeddable":true,"href":"https:\/\/acrj.org.br\/index.php\/wp-json\/wp\/v2\/media\/21431"}],"wp:attachment":[{"href":"https:\/\/acrj.org.br\/index.php\/wp-json\/wp\/v2\/media?parent=21430"}],"wp:term":[{"taxonomy":"category","embeddable":true,"href":"https:\/\/acrj.org.br\/index.php\/wp-json\/wp\/v2\/categories?post=21430"},{"taxonomy":"post_tag","embeddable":true,"href":"https:\/\/acrj.org.br\/index.php\/wp-json\/wp\/v2\/tags?post=21430"}],"curies":[{"name":"wp","href":"https:\/\/api.w.org\/{rel}","templated":true}]}}