{"id":21310,"date":"2023-10-31T16:59:57","date_gmt":"2023-10-31T19:59:57","guid":{"rendered":"https:\/\/acrj.org.br\/?p=21310"},"modified":"2025-06-30T12:10:50","modified_gmt":"2025-06-30T15:10:50","slug":"o-que-e-impossivel-a-pergunta-foi-o-tema-da-palestra-da-consultora-thais-pegoraro-no-conselho-da-mulher","status":"publish","type":"post","link":"https:\/\/acrj.org.br\/index.php\/2023\/10\/31\/o-que-e-impossivel-a-pergunta-foi-o-tema-da-palestra-da-consultora-thais-pegoraro-no-conselho-da-mulher\/","title":{"rendered":"\u201cO que \u00e9 imposs\u00edvel?\u201d foi o tema da palestra da consultora Tha\u00eds Pegoraro no Conselho da Mulher"},"content":{"rendered":"\n<p>A palestrante, escritora, advogada, consultora de carreira para executivos, m\u00e3e do Jos\u00e9, com cinco anos de idade, Tha\u00eds Pegoraro participou do encontro do Conselho Empresarial da Mulher da ACRJ nesta 3\u00aa feira (31\/10). Ela foi recebida pelo presidente da ACRJ, Josier Vilar, e a presidente do Conselho da Mulher, Michelle Novaes e fez a palestra \u201cO que \u00e9 Imposs\u00edvel?\u201d. Tamb\u00e9m participaram da mesa principal, o presidente do Conselho Superior, Ruy Barreto Filho, e a vice-presidente, Marta Arakaki. <\/p>\n\n\n\n<p>No bate-papo, Tha\u00eds contou sobre suas vit\u00f3rias e fracassos profissionais e como foi se superar para escalar as sete maiores montanhas de cada continente, incluindo o Everest. Ela \u00e9 a recordista brasileira no tempo de execu\u00e7\u00e3o do projeto Sete Cumes, escalando essas montanhas em pouco mais de um ano.<\/p>\n\n\n\n<p>Tha\u00eds iniciou sua palestra provocando a plateia a definir o que \u00e9 imposs\u00edvel hoje na vida de cada um dos presentes. \u201cO que voc\u00eas podem considerar imposs\u00edvel de se alcan\u00e7ar? Pode ser ter mais tempo, um novo relacionamento, ou ter mais uma compet\u00eancia, ou algum bem material?\u201d, questionou. Para ela, o imposs\u00edvel era realizar \u201cum sonho t\u00e3o dif\u00edcil de alcan\u00e7ar, como voar ou ir para lua, por exemplo\u201d, disse. O imposs\u00edvel para ela era conquistar o Monte Everest, mesmo sem ser atleta profissional, depois de escalar outras seis montanhas como parte do projeto Sete Cumes.<\/p>\n\n\n\n<p>Sua aventura come\u00e7ou em junho de 2015 e em maio de 2016 ela alcan\u00e7ou o topo do Everest, na \u00c1sia, passando pelas seguintes montanhas: Mckinley, na Am\u00e9rica do Norte; Elbrus, na Europa; Kilimanjaro, na \u00c1frica; Vinson, na Ant\u00e1rtica; Aconc\u00e1gua, na Am\u00e9rica do Sul; e a Pir\u00e2mide Carstensz, na Oceania.<\/p>\n\n\n\n<p>Tudo isso aconteceu, como explica em sua palestra, depois de ser demitida de uma empresa multinacional e terminar um noivado. \u201cNessa \u00e9poca eu s\u00f3 pensava nos meus fracassos, especialmente no meu fracasso profissional. O ser humano definitivamente n\u00e3o \u00e9 programado para sentir dor\u201d, admitiu. Segundo ela, que \u00e9 s\u00f3cia da Exec Consultoria, com 15 anos de experi\u00eancia em desenvolvimento humano e organizacional, tem seu trabalho focado no atendimento a altos executivos e reposicionamento de carreira. Criadora do m\u00e9todo S.E.T.E. &#8211; Supera\u00e7\u00e3o com Experi\u00eancias que Transformam e Ensinam, ela busca impactar positivamente e motivar as pessoas a valorizarem e enriquecerem suas vidas por meio de experi\u00eancias transformadoras, como ela pr\u00f3pria fez.<\/p>\n\n\n\n<p>Ap\u00f3s escalar as sete montanhas, Tha\u00eds estipulou nova meta para sua vida e passou a escalar uma montanha a cada ano. Ao encerrar sua palestra, ela deixou um recado aos participantes do encontro: \u201cSe o imposs\u00edvel come\u00e7a com um passo, at\u00e9 onde voc\u00ea pode chegar?\u201d<\/p>\n\n\n\n<figure class=\"wp-block-gallery has-nested-images columns-2 is-cropped wp-block-gallery-1 is-layout-flex wp-block-gallery-is-layout-flex\">\n<figure class=\"wp-block-image size-large\"><img fetchpriority=\"high\" decoding=\"async\" width=\"1024\" height=\"673\" data-id=\"21313\" src=\"https:\/\/acrj.org.br\/wp-content\/uploads\/2023\/10\/auditorio1-1024x673.jpg\" alt=\"\" class=\"wp-image-21313\" srcset=\"https:\/\/acrj.org.br\/wp-content\/uploads\/2023\/10\/auditorio1-1024x673.jpg 1024w, https:\/\/acrj.org.br\/wp-content\/uploads\/2023\/10\/auditorio1-600x394.jpg 600w, https:\/\/acrj.org.br\/wp-content\/uploads\/2023\/10\/auditorio1-300x197.jpg 300w, https:\/\/acrj.org.br\/wp-content\/uploads\/2023\/10\/auditorio1-768x505.jpg 768w, https:\/\/acrj.org.br\/wp-content\/uploads\/2023\/10\/auditorio1.jpg 1500w\" sizes=\"(max-width: 1024px) 100vw, 1024px\" \/><\/figure>\n\n\n\n<figure class=\"wp-block-image size-large\"><img decoding=\"async\" width=\"1024\" height=\"768\" data-id=\"21315\" src=\"https:\/\/acrj.org.br\/wp-content\/uploads\/2023\/10\/michelle-1024x768.jpg\" alt=\"\" class=\"wp-image-21315\" srcset=\"https:\/\/acrj.org.br\/wp-content\/uploads\/2023\/10\/michelle-1024x768.jpg 1024w, https:\/\/acrj.org.br\/wp-content\/uploads\/2023\/10\/michelle-600x450.jpg 600w, https:\/\/acrj.org.br\/wp-content\/uploads\/2023\/10\/michelle-300x225.jpg 300w, https:\/\/acrj.org.br\/wp-content\/uploads\/2023\/10\/michelle-768x576.jpg 768w, https:\/\/acrj.org.br\/wp-content\/uploads\/2023\/10\/michelle.jpg 1500w\" sizes=\"(max-width: 1024px) 100vw, 1024px\" \/><figcaption class=\"wp-element-caption\">Michelle e Tha\u00eds<\/figcaption><\/figure>\n\n\n\n<figure class=\"wp-block-image size-large\"><img decoding=\"async\" width=\"1024\" height=\"768\" data-id=\"21314\" src=\"https:\/\/acrj.org.br\/wp-content\/uploads\/2023\/10\/mesa-1024x768.jpg\" alt=\"\" class=\"wp-image-21314\" srcset=\"https:\/\/acrj.org.br\/wp-content\/uploads\/2023\/10\/mesa-1024x768.jpg 1024w, https:\/\/acrj.org.br\/wp-content\/uploads\/2023\/10\/mesa-600x450.jpg 600w, https:\/\/acrj.org.br\/wp-content\/uploads\/2023\/10\/mesa-300x225.jpg 300w, https:\/\/acrj.org.br\/wp-content\/uploads\/2023\/10\/mesa-768x576.jpg 768w, https:\/\/acrj.org.br\/wp-content\/uploads\/2023\/10\/mesa.jpg 1500w\" sizes=\"(max-width: 1024px) 100vw, 1024px\" \/><\/figure>\n\n\n\n<figure class=\"wp-block-image size-large\"><img loading=\"lazy\" decoding=\"async\" width=\"1024\" height=\"768\" data-id=\"21318\" src=\"https:\/\/acrj.org.br\/wp-content\/uploads\/2023\/10\/Grupo1-1024x768.jpeg\" alt=\"\" class=\"wp-image-21318\" srcset=\"https:\/\/acrj.org.br\/wp-content\/uploads\/2023\/10\/Grupo1-1024x768.jpeg 1024w, https:\/\/acrj.org.br\/wp-content\/uploads\/2023\/10\/Grupo1-600x450.jpeg 600w, https:\/\/acrj.org.br\/wp-content\/uploads\/2023\/10\/Grupo1-300x225.jpeg 300w, https:\/\/acrj.org.br\/wp-content\/uploads\/2023\/10\/Grupo1-768x576.jpeg 768w, https:\/\/acrj.org.br\/wp-content\/uploads\/2023\/10\/Grupo1.jpeg 1280w\" sizes=\"(max-width: 1024px) 100vw, 1024px\" \/><\/figure>\n<\/figure>\n","protected":false},"excerpt":{"rendered":"<p>A palestrante, escritora, advogada, consultora de carreira para executivos, m\u00e3e do Jos\u00e9, com cinco anos de idade, Tha\u00eds Pegoraro participou do encontro do Conselho Empresarial&hellip;<\/p>\n","protected":false},"author":3,"featured_media":21312,"comment_status":"closed","ping_status":"closed","sticky":false,"template":"","format":"standard","meta":{"_exactmetrics_skip_tracking":false,"_exactmetrics_sitenote_active":false,"_exactmetrics_sitenote_note":"","_exactmetrics_sitenote_category":0,"footnotes":""},"categories":[6,83,10],"tags":[],"class_list":["post-21310","post","type-post","status-publish","format-standard","has-post-thumbnail","hentry","category-destaque_noticias","category-eventos_acrj","category-noticias"],"_links":{"self":[{"href":"https:\/\/acrj.org.br\/index.php\/wp-json\/wp\/v2\/posts\/21310","targetHints":{"allow":["GET"]}}],"collection":[{"href":"https:\/\/acrj.org.br\/index.php\/wp-json\/wp\/v2\/posts"}],"about":[{"href":"https:\/\/acrj.org.br\/index.php\/wp-json\/wp\/v2\/types\/post"}],"author":[{"embeddable":true,"href":"https:\/\/acrj.org.br\/index.php\/wp-json\/wp\/v2\/users\/3"}],"replies":[{"embeddable":true,"href":"https:\/\/acrj.org.br\/index.php\/wp-json\/wp\/v2\/comments?post=21310"}],"version-history":[{"count":0,"href":"https:\/\/acrj.org.br\/index.php\/wp-json\/wp\/v2\/posts\/21310\/revisions"}],"wp:featuredmedia":[{"embeddable":true,"href":"https:\/\/acrj.org.br\/index.php\/wp-json\/wp\/v2\/media\/21312"}],"wp:attachment":[{"href":"https:\/\/acrj.org.br\/index.php\/wp-json\/wp\/v2\/media?parent=21310"}],"wp:term":[{"taxonomy":"category","embeddable":true,"href":"https:\/\/acrj.org.br\/index.php\/wp-json\/wp\/v2\/categories?post=21310"},{"taxonomy":"post_tag","embeddable":true,"href":"https:\/\/acrj.org.br\/index.php\/wp-json\/wp\/v2\/tags?post=21310"}],"curies":[{"name":"wp","href":"https:\/\/api.w.org\/{rel}","templated":true}]}}