{"id":21175,"date":"2023-10-25T22:18:57","date_gmt":"2023-10-26T01:18:57","guid":{"rendered":"https:\/\/acrj.org.br\/?p=21175"},"modified":"2023-10-25T23:37:04","modified_gmt":"2023-10-26T02:37:04","slug":"como-o-visual-merchandising-pode-ajudar-a-sua-loja","status":"publish","type":"post","link":"https:\/\/acrj.org.br\/index.php\/2023\/10\/25\/como-o-visual-merchandising-pode-ajudar-a-sua-loja\/","title":{"rendered":"Como o Visual Merchandising pode ajudar a sua loja?"},"content":{"rendered":"\n<p>Por Juedir Teixeira &#8211; presidente do Conselho Empresarial de Varejo da ACRJ<\/p>\n\n\n\n<p>A preocupa\u00e7\u00e3o com a forma\u00e7\u00e3o da identidade da marca e composi\u00e7\u00e3o de espa\u00e7os de lojas f\u00edsicas e virtuais deve ser prioridade na gest\u00e3o de todo empres\u00e1rio. Afinal, o visual representa o primeiro contato entre o p\u00fablico e a loja, determinando o tom daquele relacionamento dali em diante.<\/p>\n\n\n\n<p>O visual merchandising consiste em toda a apresenta\u00e7\u00e3o de um ou mais produtos dentro da loja ou ponto de venda para conseguir convencer os clientes a comprarem. \u00c9 n\u00e3o \u00e9 s\u00f3 na vitrine. \u00c9 na loja toda.<\/p>\n\n\n\n<p>O merchandising no ponto de venda costuma ser um fator decisivo para a compra. \u00c9 ali que o cliente ter\u00e1 um contato mais direto com os produtos e poder\u00e1 ver os diferenciais mais de perto.<\/p>\n\n\n\n<p>A vis\u00e3o \u00e9 o sentido que mais utilizamos em um primeiro contato. Cerca de 80% dos nossos primeiros est\u00edmulos s\u00e3o visuais, o que refor\u00e7a sua import\u00e2ncia no dia a dia das pessoas.<\/p>\n\n\n\n<p><strong>Dicas de como aplicar o visual merchandising no seu neg\u00f3cio<\/strong><\/p>\n\n\n\n<p>Boas pr\u00e1ticas de visual merchandising geralmente envolvem a realiza\u00e7\u00e3o de experi\u00eancias de compras positivas, fortificando os la\u00e7os entre a marca e o cliente. Pontos de venda din\u00e2micos que permitam o bom fluxo de pessoas (e produtos) fazem toda a diferen\u00e7a na cria\u00e7\u00e3o de uma boa experi\u00eancia de compra. Confira abaixo algumas dicas de como aplicar o visual merchandising no seu neg\u00f3cio.<\/p>\n\n\n\n<p><strong>Pense no ponto de venda como um todo<\/strong><\/p>\n\n\n\n<p>N\u00e3o pense apenas no lugar do ponto de venda, analise o ambiente de forma macro. Nem sempre a vitrine ser\u00e1 o ponto mais importante. Alguns produtos podem ganhar mais destaque se estiverem em outros espa\u00e7os.<\/p>\n\n\n\n<p><strong>Crie tem\u00e1ticas diferentes<\/strong><\/p>\n\n\n\n<p>Pare de tentar criar sempre o \u00f3bvio. Tente usar temas diferentes e que possam atrair mais os seus clientes. <\/p>\n\n\n\n<p>Tem\u00e1ticas fora do comum costumam chamar muito mais a aten\u00e7\u00e3o do p\u00fablico.<\/p>\n\n\n\n<p><strong>Conhe\u00e7a quais os pontos mais \u201cquentes\u201d da loja<\/strong><\/p>\n\n\n\n<p>Fique atento ao que est\u00e1 sendo oferecido perto dos caixas, porque esse \u00e9 um lugar onde muitas pessoas acabam comprando por impulso. Para as vitrines, \u00e9 preciso pensar em produtos que sejam pe\u00e7as-chave para a atra\u00e7\u00e3o do p\u00fablico-alvo.<\/p>\n\n\n\n<p><strong>N\u00e3o esconda o pre\u00e7o<\/strong><\/p>\n\n\n\n<p>Esse costuma ser o segundo ponto decisivo para a compra, portanto \u00e9 imprescind\u00edvel que voc\u00ea o coloque \u00e0 vista do cliente. Mesmo sendo um pre\u00e7o mais alto, se o cliente n\u00e3o souber qual \u00e9 vai acabar desistindo r\u00e1pido da compra e tentar\u00e1 encontrar o mesmo produto em outras lojas e pontos de venda.<\/p>\n\n\n\n<p><strong>Vitrine e o poder da atra\u00e7\u00e3o<\/strong><\/p>\n\n\n\n<p>Se decidir expor o produto na vitrine, fa\u00e7a uma apresenta\u00e7\u00e3o bem equilibrada e atrativa para os clientes. \u00c9 na vitrine que o cliente passa um bom tempo analisando o que pode ter de interessante na loja e acaba sendo ou n\u00e3o convencido a entrar. A rea\u00e7\u00e3o do cliente vai depender de como voc\u00ea vai apresentar os produtos, ent\u00e3o, capriche bastante.<\/p>\n\n\n\n<p><strong>Conclus\u00e3o:<\/strong> a apresenta\u00e7\u00e3o de produtos pode ser um fator bastante decisivo para o aumento das vendas e para a melhoria dos resultados de sua empresa. Aposte no bom gosto do cliente e cuide muito bem do visual de seus produtos.<\/p>\n\n\n\n<p>Juedir Teixeira \u2013 Doutor em Administra\u00e7\u00e3o (Ph.D.), mestre em Gest\u00e3o Estrat\u00e9gica de Neg\u00f3cios, fundador da JTB Consultoria.<\/p>\n","protected":false},"excerpt":{"rendered":"<p>Por Juedir Teixeira &#8211; presidente do Conselho Empresarial de Varejo da ACRJ<\/p>\n","protected":false},"author":1,"featured_media":21176,"comment_status":"closed","ping_status":"closed","sticky":false,"template":"","format":"standard","meta":{"_exactmetrics_skip_tracking":false,"_exactmetrics_sitenote_active":false,"_exactmetrics_sitenote_note":"","_exactmetrics_sitenote_category":0,"footnotes":""},"categories":[48],"tags":[],"class_list":["post-21175","post","type-post","status-publish","format-standard","has-post-thumbnail","hentry","category-varejo-artigos"],"_links":{"self":[{"href":"https:\/\/acrj.org.br\/index.php\/wp-json\/wp\/v2\/posts\/21175","targetHints":{"allow":["GET"]}}],"collection":[{"href":"https:\/\/acrj.org.br\/index.php\/wp-json\/wp\/v2\/posts"}],"about":[{"href":"https:\/\/acrj.org.br\/index.php\/wp-json\/wp\/v2\/types\/post"}],"author":[{"embeddable":true,"href":"https:\/\/acrj.org.br\/index.php\/wp-json\/wp\/v2\/users\/1"}],"replies":[{"embeddable":true,"href":"https:\/\/acrj.org.br\/index.php\/wp-json\/wp\/v2\/comments?post=21175"}],"version-history":[{"count":0,"href":"https:\/\/acrj.org.br\/index.php\/wp-json\/wp\/v2\/posts\/21175\/revisions"}],"wp:featuredmedia":[{"embeddable":true,"href":"https:\/\/acrj.org.br\/index.php\/wp-json\/wp\/v2\/media\/21176"}],"wp:attachment":[{"href":"https:\/\/acrj.org.br\/index.php\/wp-json\/wp\/v2\/media?parent=21175"}],"wp:term":[{"taxonomy":"category","embeddable":true,"href":"https:\/\/acrj.org.br\/index.php\/wp-json\/wp\/v2\/categories?post=21175"},{"taxonomy":"post_tag","embeddable":true,"href":"https:\/\/acrj.org.br\/index.php\/wp-json\/wp\/v2\/tags?post=21175"}],"curies":[{"name":"wp","href":"https:\/\/api.w.org\/{rel}","templated":true}]}}