{"id":21167,"date":"2023-10-25T12:35:47","date_gmt":"2023-10-25T15:35:47","guid":{"rendered":"https:\/\/acrj.org.br\/?p=21167"},"modified":"2024-01-05T14:54:16","modified_gmt":"2024-01-05T17:54:16","slug":"comunicado-relevante-acrj","status":"publish","type":"post","link":"https:\/\/acrj.org.br\/index.php\/2023\/10\/25\/comunicado-relevante-acrj\/","title":{"rendered":"Comunicado relevante da ACRJ sobre a viol\u00eancia na cidade do Rio"},"content":{"rendered":"\n<p>A Associa\u00e7\u00e3o Comercial do Rio de Janeiro \u2013 ACRJ manifesta sua apreens\u00e3o com o grave momento que a sociedade carioca e fluminense vive em fun\u00e7\u00e3o da onda de viol\u00eancia e terror, que est\u00e1 acometendo nossa cidade e a regi\u00e3o metropolitana do Rio de Janeiro.<br>Resta-nos como empres\u00e1rios e cidad\u00e3os, que vivem, trabalham, investem, empreendem, pagam impostos e geram empregos e dignidade para todos que dedicam sua vida e seu trabalho ao nosso Estado, exigir solu\u00e7\u00f5es imediatas no combate aos atos criminosos que destroem a liberdade, a vida, a propriedade e causam uma disfun\u00e7\u00e3o social coletiva.<br>Confiamos e esperamos que os governos federal, estadual e municipal estejam juntos e integrados com as representa\u00e7\u00f5es sociais, organizadas no prop\u00f3sito de encontrar uma solu\u00e7\u00e3o de curto prazo para a inaceit\u00e1vel situa\u00e7\u00e3o criminosa que a todos n\u00f3s aterroriza.<br>O Rio tem pressa.<\/p>\n\n\n\n<p><em>Josier Vilar<\/em><br>Presidente da Associa\u00e7\u00e3o Comercial do Rio de Janeiro &#8211; ACRJ<\/p>\n","protected":false},"excerpt":{"rendered":"<p>A Associa\u00e7\u00e3o Comercial do Rio de Janeiro \u2013 ACRJ manifesta sua apreens\u00e3o com o grave momento que a sociedade carioca e fluminense vive em fun\u00e7\u00e3o&hellip;<\/p>\n","protected":false},"author":3,"featured_media":15162,"comment_status":"closed","ping_status":"closed","sticky":false,"template":"","format":"standard","meta":{"_exactmetrics_skip_tracking":false,"_exactmetrics_sitenote_active":false,"_exactmetrics_sitenote_note":"","_exactmetrics_sitenote_category":0,"footnotes":""},"categories":[6],"tags":[],"class_list":["post-21167","post","type-post","status-publish","format-standard","has-post-thumbnail","hentry","category-destaque_noticias"],"_links":{"self":[{"href":"https:\/\/acrj.org.br\/index.php\/wp-json\/wp\/v2\/posts\/21167","targetHints":{"allow":["GET"]}}],"collection":[{"href":"https:\/\/acrj.org.br\/index.php\/wp-json\/wp\/v2\/posts"}],"about":[{"href":"https:\/\/acrj.org.br\/index.php\/wp-json\/wp\/v2\/types\/post"}],"author":[{"embeddable":true,"href":"https:\/\/acrj.org.br\/index.php\/wp-json\/wp\/v2\/users\/3"}],"replies":[{"embeddable":true,"href":"https:\/\/acrj.org.br\/index.php\/wp-json\/wp\/v2\/comments?post=21167"}],"version-history":[{"count":0,"href":"https:\/\/acrj.org.br\/index.php\/wp-json\/wp\/v2\/posts\/21167\/revisions"}],"wp:featuredmedia":[{"embeddable":true,"href":"https:\/\/acrj.org.br\/index.php\/wp-json\/wp\/v2\/media\/15162"}],"wp:attachment":[{"href":"https:\/\/acrj.org.br\/index.php\/wp-json\/wp\/v2\/media?parent=21167"}],"wp:term":[{"taxonomy":"category","embeddable":true,"href":"https:\/\/acrj.org.br\/index.php\/wp-json\/wp\/v2\/categories?post=21167"},{"taxonomy":"post_tag","embeddable":true,"href":"https:\/\/acrj.org.br\/index.php\/wp-json\/wp\/v2\/tags?post=21167"}],"curies":[{"name":"wp","href":"https:\/\/api.w.org\/{rel}","templated":true}]}}