{"id":21059,"date":"2023-10-17T07:40:24","date_gmt":"2023-10-17T10:40:24","guid":{"rendered":"https:\/\/acrj.org.br\/?p=21059"},"modified":"2023-10-18T15:04:33","modified_gmt":"2023-10-18T18:04:33","slug":"seminario-sobre-inclusao-social-atraves-da-musica-da-inicio-aos-eventos-do-conselho-de-cultura","status":"publish","type":"post","link":"https:\/\/acrj.org.br\/index.php\/2023\/10\/17\/seminario-sobre-inclusao-social-atraves-da-musica-da-inicio-aos-eventos-do-conselho-de-cultura\/","title":{"rendered":"Semin\u00e1rio sobre inclus\u00e3o social atrav\u00e9s da m\u00fasica d\u00e1 in\u00edcio aos eventos do Conselho de Cultura"},"content":{"rendered":"\n<p>O Conselho Empresarial de Cultura da ACRJ promove, dia 26 de outubro, das 14h \u00e0s 18h, o Semin\u00e1rio \u201cA inclus\u00e3o social atrav\u00e9s da m\u00fasica\u201d. Para este evento inaugural do Conselho foram convidados Alan Maia, da Ag\u00eancia do Bem; Simone Ferreira, da Escola de M\u00fasica da Rocinha; Greg\u00f3rio Tavares, da Viol\u00f5es do Forte; Nayara Alves, da Vidigal Social; Lenora Mendes, da Orquestra da Grota; e Yvonne Bezerra de Mello, membro do Conselho, representando a Camerata Uer\u00ea-Mar\u00e9.<\/p>\n\n\n\n<p>O semin\u00e1rio \u00e9 a primeira iniciativa do Comit\u00ea de M\u00fasica, criado no \u00e2mbito do Conselho de Cultura, e faz parte da programa\u00e7\u00e3o de atividades do Conselho. Segundo o presidente do Conselho, S\u00e9rgio da Costa e Silva, a ideia do semin\u00e1rio foi inspirada no trabalho desenvolvido por projetos de inclus\u00e3o social atrav\u00e9s da m\u00fasica com orquestras que se apresentam regularmente no M\u00fasica no Museu. &#8220;Pela sua import\u00e2ncia e o foco de uma alternativa profissional aos jovens das Comunidades, utilizando a m\u00fasica como seu instrumento, vamos procurar difundir este merit\u00f3rio trabalho e integr\u00e1-lo a uma pol\u00edtica cultural espec\u00edfica&#8221;, explicou.<\/p>\n\n\n\n<p>&nbsp;A vice-presidente do Conselho e coordenadora do Comit\u00ea, Maria Luiza Nobre de Almeida, destacou que a&nbsp;m\u00fasica tem papel importante na inclus\u00e3o social e atua na transforma\u00e7\u00e3o da vida de milhares de adolescentes e jovens no Brasil. &#8220;Com as oportunidades desiguais que encontramos em nossas periferias, a arte e a cultura muitas vezes se tornam a \u00fanica op\u00e7\u00e3o de sa\u00edda de uma realidade n\u00e3o desej\u00e1vel, que habita nosso pa\u00eds\u201d, lembrou Maria Luiza.<\/p>\n\n\n\n<p>O Comit\u00ea de M\u00fasica \u00e9 formado pelo presidente do Conselho, Sergio da Costa e Silva, e pelos conselheiros Haroldo Costa, Yvonne Bezerra de Melo, Fernando Travassos e Jorge Bragan\u00e7a.&nbsp;<\/p>\n\n\n\n<p>O semin\u00e1rio ser\u00e1 realizado na sede da ACRJ &#8211; Rua Candel\u00e1ria, 9 &#8211; Centro do Rio. O evento \u00e9 gratuito mediante inscri\u00e7\u00e3o. <strong><a href=\"https:\/\/forms.gle\/usC8P6AFCfD243fX9\">Acesse aqui<\/a><\/strong><\/p>\n\n\n\n<p>Outras informa\u00e7\u00f5es pelo telefone: 2514-1203.<\/p>\n","protected":false},"excerpt":{"rendered":"<p>O Conselho Empresarial de Cultura da ACRJ promove, dia 26 de outubro, das 14h \u00e0s 18h, o Semin\u00e1rio \u201cA inclus\u00e3o social atrav\u00e9s da m\u00fasica\u201d. Para&hellip;<\/p>\n","protected":false},"author":3,"featured_media":21100,"comment_status":"closed","ping_status":"closed","sticky":false,"template":"","format":"standard","meta":{"_exactmetrics_skip_tracking":false,"_exactmetrics_sitenote_active":false,"_exactmetrics_sitenote_note":"","_exactmetrics_sitenote_category":0,"footnotes":""},"categories":[10],"tags":[],"class_list":["post-21059","post","type-post","status-publish","format-standard","has-post-thumbnail","hentry","category-noticias"],"_links":{"self":[{"href":"https:\/\/acrj.org.br\/index.php\/wp-json\/wp\/v2\/posts\/21059","targetHints":{"allow":["GET"]}}],"collection":[{"href":"https:\/\/acrj.org.br\/index.php\/wp-json\/wp\/v2\/posts"}],"about":[{"href":"https:\/\/acrj.org.br\/index.php\/wp-json\/wp\/v2\/types\/post"}],"author":[{"embeddable":true,"href":"https:\/\/acrj.org.br\/index.php\/wp-json\/wp\/v2\/users\/3"}],"replies":[{"embeddable":true,"href":"https:\/\/acrj.org.br\/index.php\/wp-json\/wp\/v2\/comments?post=21059"}],"version-history":[{"count":0,"href":"https:\/\/acrj.org.br\/index.php\/wp-json\/wp\/v2\/posts\/21059\/revisions"}],"wp:featuredmedia":[{"embeddable":true,"href":"https:\/\/acrj.org.br\/index.php\/wp-json\/wp\/v2\/media\/21100"}],"wp:attachment":[{"href":"https:\/\/acrj.org.br\/index.php\/wp-json\/wp\/v2\/media?parent=21059"}],"wp:term":[{"taxonomy":"category","embeddable":true,"href":"https:\/\/acrj.org.br\/index.php\/wp-json\/wp\/v2\/categories?post=21059"},{"taxonomy":"post_tag","embeddable":true,"href":"https:\/\/acrj.org.br\/index.php\/wp-json\/wp\/v2\/tags?post=21059"}],"curies":[{"name":"wp","href":"https:\/\/api.w.org\/{rel}","templated":true}]}}