{"id":20976,"date":"2023-10-06T15:54:50","date_gmt":"2023-10-06T18:54:50","guid":{"rendered":"https:\/\/acrj.org.br\/?p=20976"},"modified":"2023-10-23T12:07:08","modified_gmt":"2023-10-23T15:07:08","slug":"a-governanca-da-economia-do-petroleo-e-tema-de-debate-em-conselho-da-acrj","status":"publish","type":"post","link":"https:\/\/acrj.org.br\/index.php\/2023\/10\/06\/a-governanca-da-economia-do-petroleo-e-tema-de-debate-em-conselho-da-acrj\/","title":{"rendered":"A governan\u00e7a da economia do petr\u00f3leo \u00e9 tema de debate em Conselho da ACRJ"},"content":{"rendered":"\n<p>O Conselho Empresarial de Governan\u00e7a, Compliance e Diversidade da ACRJ recebeu, nesta 6\u00aa feira (6\/out), especialistas no setor de \u00f3leo e g\u00e1s para debater a governan\u00e7a da economia do petr\u00f3leo. A reuni\u00e3o mensal do Conselho, coordenada pelo vice-presidente Luciano Porto, contou com a presen\u00e7a da professora de Direito da UERJ, Marilda Rosado; do CEO da Fluxus OGE, Ricardo Savini; da diretora de Downstream do Instituto Brasileiro de Petr\u00f3leo (IBP), Val\u00e9ria Amoroso Lima; e do vice-presidente Jur\u00eddico da Seacrest Petr\u00f3leo, Jorge Pedroso.<\/p>\n\n\n\n<p>A evolu\u00e7\u00e3o do cen\u00e1rio empresarial do setor de \u00f3leo &amp; g\u00e1s brasileiro foi o tema de Ricardo Savini. Ele fez um resumo do movimento do setor a partir de 1997, com a abertura do mercado de O&amp;G a partir da quebra do monop\u00f3lio da Petrobras com rela\u00e7\u00e3o \u00e0 explora\u00e7\u00e3o de petr\u00f3leo no Brasil. Savini tamb\u00e9m mostrou a consolida\u00e7\u00e3o e a especializa\u00e7\u00e3o do mercado das operadoras, a partir de 2017, com o surgimento de novas empresas privadas de O&amp;G, focadas na revitaliza\u00e7\u00e3o de campos maduros no bojo do Programa de Desinvestimentos da Petrobras. \u201cN\u00e3o d\u00e1 para separar o setor de \u00f3leo e g\u00e1s do setor de energia\u201d, afirmou. E finalizou destacando o novo mercado, que exige um elevado padr\u00e3o de governan\u00e7a corporativa e onde as empresas adotam, voluntariamente, pr\u00e1ticas de governan\u00e7a corporativa adicionais \u00e0s que s\u00e3o exigidas pela legisla\u00e7\u00e3o brasileira. Acesse <strong><a href=\"https:\/\/acrj.org.br\/wp-content\/uploads\/2023\/10\/RICARDO-SAVINI-ACRJ_Governanca-da-Economia-do-Petroleo_Savini.pdf\">aqui <\/a><\/strong>a apresenta\u00e7\u00e3o. <\/p>\n\n\n\n<p>Val\u00e9ria Amoroso Lima mostrou como a simplifica\u00e7\u00e3o da estrutura tribut\u00e1ria neste setor pode contribuir para aumentar a transpar\u00eancia, melhorar o ambiente de neg\u00f3cios, atrair novos investimentos, reduzir o mercado irregular e os desequil\u00edbrios de concorr\u00eancia e desonerar o consumidor. \u201cO ICMS dos derivados de petr\u00f3leo \u00e9 o principal item de arrecada\u00e7\u00e3o dos Estados. Somente em 2022, foram R$ 140 bilh\u00f5es. No entanto, estima-se que cerca de 10% deste valor \u00e9 sonegado, o que equivale a R$ 14 bilh\u00f5es\u201d, disse. Acesse <strong><a href=\"https:\/\/acrj.org.br\/wp-content\/uploads\/2023\/10\/VALERIA-LIMA-2023-10-Apresentacao-ACRJ-Governanca-Setor-Petroleo.pdf\">aqui <\/a><\/strong>a apresenta\u00e7\u00e3o.<\/p>\n\n\n\n<p>A professora Marilda Rosado focou sua apresenta\u00e7\u00e3o na governan\u00e7a na ind\u00fastria do petr\u00f3leo e do g\u00e1s natural, destacando que o tema deve ser visto como uma estrat\u00e9gia de mercado marcada pela fragmenta\u00e7\u00e3o. Esta quest\u00e3o, destacou ela, inclui seguran\u00e7a energ\u00e9tica, desenvolvimento econ\u00f4mico, meio ambiente, seguran\u00e7a internacional e boa governan\u00e7a nacional. Segundo a professora, os fatores de governan\u00e7a devem envolver diversidade e independ\u00eancia no conselho administrativo da empresa; \u00e9tica e transpar\u00eancia; conformidade com a regula\u00e7\u00e3o vigente; medidas anticorrup\u00e7\u00e3o e responsabilidade socioambiental.<\/p>\n\n\n\n<p>Encerrando as apresenta\u00e7\u00f5es, Jorge Pedroso fez um resumo sobre os desafios no processo de compra de ativos da Petrobras, que vendeu sua participa\u00e7\u00e3o no Polo Norte Capixaba (ES) para a Seacrest. Depois de muitas idas e vindas, como explicou Pedroso, a negocia\u00e7\u00e3o foi finalizada em abril deste ano. O Polo capixaba compreende os campos terrestres de Canc\u00e3 (pr\u00f3ximo a Linhares), Fazenda Alegre (em Jaguar\u00e9), Fazenda S\u00e3o Rafael (Linhares) e Fazenda Santa Luzia (a 166 km de Vit\u00f3ria). Acesse <strong><a href=\"https:\/\/acrj.org.br\/wp-content\/uploads\/2023\/10\/JORGE-PEDROSO-GovernancaEmpresaPetroleo_JorgePedroso_Out2023_v2.pdf\">aqui <\/a><\/strong>a apresenta\u00e7\u00e3o.<\/p>\n\n\n\n<p>Ao final da reuni\u00e3o, o vice Luciano Porto entregou diplomas a quatro novos conselheiros.<\/p>\n\n\n\n<p>por <em>Cl\u00e1udia Moreira<\/em><\/p>\n\n\n\n<figure class=\"wp-block-gallery has-nested-images columns-default is-cropped wp-block-gallery-1 is-layout-flex wp-block-gallery-is-layout-flex\">\n<figure class=\"wp-block-image size-large\"><img fetchpriority=\"high\" decoding=\"async\" width=\"1200\" height=\"1200\" data-id=\"20980\" src=\"https:\/\/acrj.org.br\/wp-content\/uploads\/2023\/10\/geral-edited.jpeg\" alt=\"\" class=\"wp-image-20980\" srcset=\"https:\/\/acrj.org.br\/wp-content\/uploads\/2023\/10\/geral-edited.jpeg 1200w, https:\/\/acrj.org.br\/wp-content\/uploads\/2023\/10\/geral-edited-300x300.jpeg 300w, https:\/\/acrj.org.br\/wp-content\/uploads\/2023\/10\/geral-edited-100x100.jpeg 100w, https:\/\/acrj.org.br\/wp-content\/uploads\/2023\/10\/geral-edited-600x600.jpeg 600w, https:\/\/acrj.org.br\/wp-content\/uploads\/2023\/10\/geral-edited-1024x1024.jpeg 1024w, https:\/\/acrj.org.br\/wp-content\/uploads\/2023\/10\/geral-edited-150x150.jpeg 150w, https:\/\/acrj.org.br\/wp-content\/uploads\/2023\/10\/geral-edited-768x768.jpeg 768w\" sizes=\"(max-width: 1200px) 100vw, 1200px\" \/><\/figure>\n\n\n\n<figure class=\"wp-block-image size-large\"><img decoding=\"async\" width=\"562\" height=\"562\" data-id=\"20981\" src=\"https:\/\/acrj.org.br\/wp-content\/uploads\/2023\/10\/geral2-edited.jpg\" alt=\"\" class=\"wp-image-20981\" srcset=\"https:\/\/acrj.org.br\/wp-content\/uploads\/2023\/10\/geral2-edited.jpg 562w, https:\/\/acrj.org.br\/wp-content\/uploads\/2023\/10\/geral2-edited-300x300.jpg 300w, https:\/\/acrj.org.br\/wp-content\/uploads\/2023\/10\/geral2-edited-100x100.jpg 100w, https:\/\/acrj.org.br\/wp-content\/uploads\/2023\/10\/geral2-edited-150x150.jpg 150w\" sizes=\"(max-width: 562px) 100vw, 562px\" \/><\/figure>\n\n\n\n<figure class=\"wp-block-image size-large\"><img decoding=\"async\" width=\"1024\" height=\"768\" data-id=\"20984\" src=\"https:\/\/acrj.org.br\/wp-content\/uploads\/2023\/10\/marilda-1024x768.jpg\" alt=\"\" class=\"wp-image-20984\" srcset=\"https:\/\/acrj.org.br\/wp-content\/uploads\/2023\/10\/marilda-1024x768.jpg 1024w, https:\/\/acrj.org.br\/wp-content\/uploads\/2023\/10\/marilda-600x450.jpg 600w, https:\/\/acrj.org.br\/wp-content\/uploads\/2023\/10\/marilda-300x225.jpg 300w, https:\/\/acrj.org.br\/wp-content\/uploads\/2023\/10\/marilda-768x576.jpg 768w, https:\/\/acrj.org.br\/wp-content\/uploads\/2023\/10\/marilda.jpg 1500w\" sizes=\"(max-width: 1024px) 100vw, 1024px\" \/><figcaption class=\"wp-element-caption\">Marilda Rosado<\/figcaption><\/figure>\n\n\n\n<figure class=\"wp-block-image size-large\"><img loading=\"lazy\" decoding=\"async\" width=\"1024\" height=\"768\" data-id=\"20983\" src=\"https:\/\/acrj.org.br\/wp-content\/uploads\/2023\/10\/pedro-1024x768.jpg\" alt=\"\" class=\"wp-image-20983\" srcset=\"https:\/\/acrj.org.br\/wp-content\/uploads\/2023\/10\/pedro-1024x768.jpg 1024w, https:\/\/acrj.org.br\/wp-content\/uploads\/2023\/10\/pedro-600x450.jpg 600w, https:\/\/acrj.org.br\/wp-content\/uploads\/2023\/10\/pedro-300x225.jpg 300w, https:\/\/acrj.org.br\/wp-content\/uploads\/2023\/10\/pedro-768x576.jpg 768w, https:\/\/acrj.org.br\/wp-content\/uploads\/2023\/10\/pedro.jpg 1500w\" sizes=\"(max-width: 1024px) 100vw, 1024px\" \/><figcaption class=\"wp-element-caption\">Jorge Pedroso<\/figcaption><\/figure>\n\n\n\n<figure class=\"wp-block-image size-large\"><img loading=\"lazy\" decoding=\"async\" width=\"1024\" height=\"768\" data-id=\"20982\" src=\"https:\/\/acrj.org.br\/wp-content\/uploads\/2023\/10\/ricardo-1024x768.jpg\" alt=\"\" class=\"wp-image-20982\" srcset=\"https:\/\/acrj.org.br\/wp-content\/uploads\/2023\/10\/ricardo-1024x768.jpg 1024w, https:\/\/acrj.org.br\/wp-content\/uploads\/2023\/10\/ricardo-600x450.jpg 600w, https:\/\/acrj.org.br\/wp-content\/uploads\/2023\/10\/ricardo-300x225.jpg 300w, https:\/\/acrj.org.br\/wp-content\/uploads\/2023\/10\/ricardo-768x576.jpg 768w, https:\/\/acrj.org.br\/wp-content\/uploads\/2023\/10\/ricardo.jpg 1500w\" sizes=\"(max-width: 1024px) 100vw, 1024px\" \/><figcaption class=\"wp-element-caption\">Ricardo Savini<\/figcaption><\/figure>\n\n\n\n<figure class=\"wp-block-image size-large\"><img loading=\"lazy\" decoding=\"async\" width=\"1024\" height=\"768\" data-id=\"20985\" src=\"https:\/\/acrj.org.br\/wp-content\/uploads\/2023\/10\/valeria-1024x768.jpg\" alt=\"\" class=\"wp-image-20985\" srcset=\"https:\/\/acrj.org.br\/wp-content\/uploads\/2023\/10\/valeria-1024x768.jpg 1024w, https:\/\/acrj.org.br\/wp-content\/uploads\/2023\/10\/valeria-600x450.jpg 600w, https:\/\/acrj.org.br\/wp-content\/uploads\/2023\/10\/valeria-300x225.jpg 300w, https:\/\/acrj.org.br\/wp-content\/uploads\/2023\/10\/valeria-768x576.jpg 768w, https:\/\/acrj.org.br\/wp-content\/uploads\/2023\/10\/valeria.jpg 1500w\" sizes=\"(max-width: 1024px) 100vw, 1024px\" \/><figcaption class=\"wp-element-caption\">Val\u00e9ria Amoroso Lima<\/figcaption><\/figure>\n<\/figure>\n\n\n\n<p><\/p>\n","protected":false},"excerpt":{"rendered":"<p>O Conselho Empresarial de Governan\u00e7a, Compliance e Diversidade da ACRJ recebeu, nesta 6\u00aa feira (6\/out), especialistas no setor de \u00f3leo e g\u00e1s para debater a&hellip;<\/p>\n","protected":false},"author":3,"featured_media":20977,"comment_status":"closed","ping_status":"closed","sticky":false,"template":"","format":"standard","meta":{"_exactmetrics_skip_tracking":false,"_exactmetrics_sitenote_active":false,"_exactmetrics_sitenote_note":"","_exactmetrics_sitenote_category":0,"footnotes":""},"categories":[10],"tags":[],"class_list":["post-20976","post","type-post","status-publish","format-standard","has-post-thumbnail","hentry","category-noticias"],"_links":{"self":[{"href":"https:\/\/acrj.org.br\/index.php\/wp-json\/wp\/v2\/posts\/20976","targetHints":{"allow":["GET"]}}],"collection":[{"href":"https:\/\/acrj.org.br\/index.php\/wp-json\/wp\/v2\/posts"}],"about":[{"href":"https:\/\/acrj.org.br\/index.php\/wp-json\/wp\/v2\/types\/post"}],"author":[{"embeddable":true,"href":"https:\/\/acrj.org.br\/index.php\/wp-json\/wp\/v2\/users\/3"}],"replies":[{"embeddable":true,"href":"https:\/\/acrj.org.br\/index.php\/wp-json\/wp\/v2\/comments?post=20976"}],"version-history":[{"count":0,"href":"https:\/\/acrj.org.br\/index.php\/wp-json\/wp\/v2\/posts\/20976\/revisions"}],"wp:featuredmedia":[{"embeddable":true,"href":"https:\/\/acrj.org.br\/index.php\/wp-json\/wp\/v2\/media\/20977"}],"wp:attachment":[{"href":"https:\/\/acrj.org.br\/index.php\/wp-json\/wp\/v2\/media?parent=20976"}],"wp:term":[{"taxonomy":"category","embeddable":true,"href":"https:\/\/acrj.org.br\/index.php\/wp-json\/wp\/v2\/categories?post=20976"},{"taxonomy":"post_tag","embeddable":true,"href":"https:\/\/acrj.org.br\/index.php\/wp-json\/wp\/v2\/tags?post=20976"}],"curies":[{"name":"wp","href":"https:\/\/api.w.org\/{rel}","templated":true}]}}