{"id":2064,"date":"2019-08-02T11:54:00","date_gmt":"2019-08-02T14:54:00","guid":{"rendered":"http:\/\/acrj2020.profissional.ws\/?p=2064"},"modified":"2020-02-29T11:59:49","modified_gmt":"2020-02-29T14:59:49","slug":"elementor-2064","status":"publish","type":"post","link":"https:\/\/acrj.org.br\/index.php\/2019\/08\/02\/elementor-2064\/","title":{"rendered":"\u201cPara virar o jogo \u00e9 muito importante investir em preven\u00e7\u00e3o, tecnologia e inova\u00e7\u00e3o\u201d, disse o Procurador Eduardo Gussem, durante Almo\u00e7o do Empres\u00e1rio"},"content":{"rendered":"\t\t<div data-elementor-type=\"wp-post\" data-elementor-id=\"2064\" class=\"elementor elementor-2064\" data-elementor-post-type=\"post\">\n\t\t\t\t\t\t<section class=\"elementor-section elementor-top-section elementor-element elementor-element-3d036d7e elementor-section-boxed elementor-section-height-default elementor-section-height-default\" data-id=\"3d036d7e\" data-element_type=\"section\" data-e-type=\"section\">\n\t\t\t\t\t\t<div class=\"elementor-container elementor-column-gap-default\">\n\t\t\t\t\t<div class=\"elementor-column elementor-col-100 elementor-top-column elementor-element elementor-element-60a60a0\" data-id=\"60a60a0\" data-element_type=\"column\" data-e-type=\"column\">\n\t\t\t<div class=\"elementor-widget-wrap elementor-element-populated\">\n\t\t\t\t\t\t<div class=\"elementor-element elementor-element-79163b69 elementor-widget elementor-widget-text-editor\" data-id=\"79163b69\" data-element_type=\"widget\" data-e-type=\"widget\" data-widget_type=\"text-editor.default\">\n\t\t\t\t<div class=\"elementor-widget-container\">\n\t\t\t\t\t\t\t\t\t\n<p>\n\nA Presidente da Associa\u00e7\u00e3o Comercial do Rio de Janeiro (ACRJ), Angela Costa, recebeu, nesta sexta-feira, (2\/8), o Procurador-geral de Justi\u00e7a do Minist\u00e9rio P\u00fablico do Rio, Eduardo Gussem, que participou do evento Almo\u00e7o do Empres\u00e1rio\u200b e fez&nbsp;uma palestra sobre o Minist\u00e9rio P\u00fablico Digital e a Nova Governan\u00e7a\u200b. O evento contou \u200b&nbsp;com a presen\u00e7a do Vice-\u200bpresidente Jur\u00eddico da ACRJ, Daniel Homem de Carvalho, e do Vice-\u200bgovernador, Cl\u00e1udio Castro, entre outras autoridades e empres\u00e1rios.<\/p>\n\n\n\n<p>Ao abrir o evento, a Presidente Angela Costa ressaltou a relev\u00e2ncia do trabalho do Procurador, que \u201cchefia uma institui\u00e7\u00e3o important\u00edssima para a estabilidade dos poderes, para o funcionamento das entidades, da sociedade, das empresas e dos cidad\u00e3os. Isso requer extrema habilidade, compet\u00eancia e responsabilidade\u201d, disse, ressaltando que \u201co Brasil e o Rio de Janeiro precisam voltar a crescer\u200b e, as empresas precisam voltar a produzir\u201d.<\/p>\n\n\n\n<p>Durante a palestra, o Procurador lembrou que o Rio de Janeiro nasceu rico, lindo e maravilhoso e sempre foi refer\u00eancia mundial em arte, cultura, paisagem natural e turismo, entre outros aspectos, e que ainda \u00e9 o segundo maior PIB do Brasil\u200b. Mas &nbsp;em fun\u00e7\u00e3o da crise atual,&nbsp;\u200bsegundo ele, \u200bo estado se encontra com o pior ambiente de neg\u00f3cios\u200b e\u200b&nbsp;de trabalho. \u201cPara virar o jogo\u200b, os investimentos s\u00e3o muito&nbsp;importante\u200bs\u200b, inclusive, na nova governan\u00e7a digital\u201d, afirmou.<\/p>\n\n\n\n<p>De acordo com o Procurador, a Constitui\u00e7\u00e3o de 88 entregou ao MP a fun\u00e7\u00e3o de lideran\u00e7a. \u201cFomos chamados a cumprir essa miss\u00e3o e \u00e9 preciso ter coragem para criar, inovar, transformar. Nossa fun\u00e7\u00e3o como agente de transforma\u00e7\u00e3o social \u00e9 decisiva\u201d. ressaltou o Procurador\u200b.\u200b<\/p>\n\n\n\n<p>\u201cO MPRJ adotou a plataforma de governos abertos, que foi resgatada pelo presidente Barack Obama\u200b,\u200b&nbsp;e contempla transpar\u00eancia, integridade, participa\u00e7\u00e3o social, tecnologia e inova\u00e7\u00e3o\u201d,&nbsp;\u200bexplicou&nbsp;Eduardo Gussem, ressaltando que o Brasil foi um dos primeiros oito signat\u00e1rios desse modelo. Com isso,&nbsp;\u200bdisse, \u200bo MPRJ busca renovar e repensar a forma de trabalho. &nbsp;<\/p>\n\n\n\n<p>O Procurador Eduardo Gussem&nbsp;\u200bacrescentou&nbsp;que o MPRJ est\u00e1 investindo forte em um novo plano geral de atua\u00e7\u00e3o,&nbsp;\u200bincluindo&nbsp;a linha digital, com ferramentas modernas como o Big Data, intelig\u00eancia artificial, minera\u00e7\u00e3o de dados, estat\u00edsticas e georreferenciamento. A partir da\u00ed, os dados s\u00e3o melhores trabalhados e n\u00e3o desperdi\u00e7ados. \u201cO objetivo \u00e9 dar respostas r\u00e1pidas para toda a sociedade. O cidad\u00e3o merece esse respeito e entender o que acontece em cada uma suas localidades. Estamos abertos a trocas, ao compartilhamento do conhecimento com institui\u00e7\u00f5es e com o cidad\u00e3o\u201d,&nbsp;\u200bfinalizou.\n\n<\/p>\n\t\t\t\t\t\t\t\t<\/div>\n\t\t\t\t<\/div>\n\t\t\t\t\t<\/div>\n\t\t<\/div>\n\t\t\t\t\t<\/div>\n\t\t<\/section>\n\t\t\t\t<section class=\"elementor-section elementor-top-section elementor-element elementor-element-44c1fce elementor-section-boxed elementor-section-height-default elementor-section-height-default\" data-id=\"44c1fce\" data-element_type=\"section\" data-e-type=\"section\">\n\t\t\t\t\t\t<div class=\"elementor-container elementor-column-gap-default\">\n\t\t\t\t\t<div class=\"elementor-column elementor-col-100 elementor-top-column elementor-element elementor-element-660e999\" data-id=\"660e999\" data-element_type=\"column\" data-e-type=\"column\">\n\t\t\t<div class=\"elementor-widget-wrap elementor-element-populated\">\n\t\t\t\t\t\t<div class=\"elementor-element elementor-element-5e1d9cf elementor-widget elementor-widget-gallery\" data-id=\"5e1d9cf\" data-element_type=\"widget\" data-e-type=\"widget\" data-settings=\"{&quot;lazyload&quot;:&quot;yes&quot;,&quot;gallery_layout&quot;:&quot;grid&quot;,&quot;columns&quot;:4,&quot;columns_tablet&quot;:2,&quot;columns_mobile&quot;:1,&quot;gap&quot;:{&quot;unit&quot;:&quot;px&quot;,&quot;size&quot;:10,&quot;sizes&quot;:[]},&quot;gap_tablet&quot;:{&quot;unit&quot;:&quot;px&quot;,&quot;size&quot;:10,&quot;sizes&quot;:[]},&quot;gap_mobile&quot;:{&quot;unit&quot;:&quot;px&quot;,&quot;size&quot;:10,&quot;sizes&quot;:[]},&quot;link_to&quot;:&quot;file&quot;,&quot;aspect_ratio&quot;:&quot;3:2&quot;,&quot;overlay_background&quot;:&quot;yes&quot;,&quot;content_hover_animation&quot;:&quot;fade-in&quot;}\" data-widget_type=\"gallery.default\">\n\t\t\t\t<div class=\"elementor-widget-container\">\n\t\t\t\t\t\t\t<div class=\"elementor-gallery__container\">\n\t\t\t\t\t\t\t<a class=\"e-gallery-item elementor-gallery-item elementor-animated-content\" href=\"https:\/\/acrj.org.br\/wp-content\/uploads\/2020\/02\/2_galeria_dsc_1028.jpg\" data-elementor-open-lightbox=\"yes\" data-elementor-lightbox-slideshow=\"5e1d9cf\" data-elementor-lightbox-title=\"2_galeria_dsc_1028\" data-e-action-hash=\"#elementor-action%3Aaction%3Dlightbox%26settings%3DeyJpZCI6MjA2NiwidXJsIjoiaHR0cHM6XC9cL2Fjcmoub3JnLmJyXC93cC1jb250ZW50XC91cGxvYWRzXC8yMDIwXC8wMlwvMl9nYWxlcmlhX2RzY18xMDI4LmpwZyIsInNsaWRlc2hvdyI6IjVlMWQ5Y2YifQ%3D%3D\">\n\t\t\t\t\t<div class=\"e-gallery-image elementor-gallery-item__image\" data-thumbnail=\"https:\/\/acrj.org.br\/wp-content\/uploads\/2020\/02\/2_galeria_dsc_1028-300x223.jpg\" data-width=\"300\" data-height=\"223\" aria-label=\"\" role=\"img\" ><\/div>\n\t\t\t\t\t\t\t\t\t\t\t<div class=\"elementor-gallery-item__overlay\"><\/div>\n\t\t\t\t\t\t\t\t\t\t\t\t\t\t<\/a>\n\t\t\t\t\t\t\t<a class=\"e-gallery-item elementor-gallery-item elementor-animated-content\" href=\"https:\/\/acrj.org.br\/wp-content\/uploads\/2020\/02\/2_galeria_dsc_1269.jpg\" data-elementor-open-lightbox=\"yes\" data-elementor-lightbox-slideshow=\"5e1d9cf\" data-elementor-lightbox-title=\"2_galeria_dsc_1269\" data-e-action-hash=\"#elementor-action%3Aaction%3Dlightbox%26settings%3DeyJpZCI6MjA2NywidXJsIjoiaHR0cHM6XC9cL2Fjcmoub3JnLmJyXC93cC1jb250ZW50XC91cGxvYWRzXC8yMDIwXC8wMlwvMl9nYWxlcmlhX2RzY18xMjY5LmpwZyIsInNsaWRlc2hvdyI6IjVlMWQ5Y2YifQ%3D%3D\">\n\t\t\t\t\t<div class=\"e-gallery-image elementor-gallery-item__image\" data-thumbnail=\"https:\/\/acrj.org.br\/wp-content\/uploads\/2020\/02\/2_galeria_dsc_1269-300x223.jpg\" data-width=\"300\" data-height=\"223\" aria-label=\"\" role=\"img\" ><\/div>\n\t\t\t\t\t\t\t\t\t\t\t<div class=\"elementor-gallery-item__overlay\"><\/div>\n\t\t\t\t\t\t\t\t\t\t\t\t\t\t<\/a>\n\t\t\t\t\t\t\t<a class=\"e-gallery-item elementor-gallery-item elementor-animated-content\" href=\"https:\/\/acrj.org.br\/wp-content\/uploads\/2020\/02\/2_galeria_dsc_1271.jpg\" data-elementor-open-lightbox=\"yes\" data-elementor-lightbox-slideshow=\"5e1d9cf\" data-elementor-lightbox-title=\"2_galeria_dsc_1271\" data-e-action-hash=\"#elementor-action%3Aaction%3Dlightbox%26settings%3DeyJpZCI6MjA2OCwidXJsIjoiaHR0cHM6XC9cL2Fjcmoub3JnLmJyXC93cC1jb250ZW50XC91cGxvYWRzXC8yMDIwXC8wMlwvMl9nYWxlcmlhX2RzY18xMjcxLmpwZyIsInNsaWRlc2hvdyI6IjVlMWQ5Y2YifQ%3D%3D\">\n\t\t\t\t\t<div class=\"e-gallery-image elementor-gallery-item__image\" data-thumbnail=\"https:\/\/acrj.org.br\/wp-content\/uploads\/2020\/02\/2_galeria_dsc_1271-300x223.jpg\" data-width=\"300\" data-height=\"223\" aria-label=\"\" role=\"img\" ><\/div>\n\t\t\t\t\t\t\t\t\t\t\t<div class=\"elementor-gallery-item__overlay\"><\/div>\n\t\t\t\t\t\t\t\t\t\t\t\t\t\t<\/a>\n\t\t\t\t\t\t\t<a class=\"e-gallery-item elementor-gallery-item elementor-animated-content\" href=\"https:\/\/acrj.org.br\/wp-content\/uploads\/2020\/02\/galeria_dsc_1045.jpg\" data-elementor-open-lightbox=\"yes\" data-elementor-lightbox-slideshow=\"5e1d9cf\" data-elementor-lightbox-title=\"galeria_dsc_1045\" data-e-action-hash=\"#elementor-action%3Aaction%3Dlightbox%26settings%3DeyJpZCI6MjA2OSwidXJsIjoiaHR0cHM6XC9cL2Fjcmoub3JnLmJyXC93cC1jb250ZW50XC91cGxvYWRzXC8yMDIwXC8wMlwvZ2FsZXJpYV9kc2NfMTA0NS5qcGciLCJzbGlkZXNob3ciOiI1ZTFkOWNmIn0%3D\">\n\t\t\t\t\t<div class=\"e-gallery-image elementor-gallery-item__image\" data-thumbnail=\"https:\/\/acrj.org.br\/wp-content\/uploads\/2020\/02\/galeria_dsc_1045-300x223.jpg\" data-width=\"300\" data-height=\"223\" aria-label=\"\" role=\"img\" ><\/div>\n\t\t\t\t\t\t\t\t\t\t\t<div class=\"elementor-gallery-item__overlay\"><\/div>\n\t\t\t\t\t\t\t\t\t\t\t\t\t\t<\/a>\n\t\t\t\t\t\t\t<a class=\"e-gallery-item elementor-gallery-item elementor-animated-content\" href=\"https:\/\/acrj.org.br\/wp-content\/uploads\/2020\/02\/galeria_dsc_1122.jpg\" data-elementor-open-lightbox=\"yes\" data-elementor-lightbox-slideshow=\"5e1d9cf\" data-elementor-lightbox-title=\"galeria_dsc_1122\" data-e-action-hash=\"#elementor-action%3Aaction%3Dlightbox%26settings%3DeyJpZCI6MjA3MCwidXJsIjoiaHR0cHM6XC9cL2Fjcmoub3JnLmJyXC93cC1jb250ZW50XC91cGxvYWRzXC8yMDIwXC8wMlwvZ2FsZXJpYV9kc2NfMTEyMi5qcGciLCJzbGlkZXNob3ciOiI1ZTFkOWNmIn0%3D\">\n\t\t\t\t\t<div class=\"e-gallery-image elementor-gallery-item__image\" data-thumbnail=\"https:\/\/acrj.org.br\/wp-content\/uploads\/2020\/02\/galeria_dsc_1122-300x223.jpg\" data-width=\"300\" data-height=\"223\" aria-label=\"\" role=\"img\" ><\/div>\n\t\t\t\t\t\t\t\t\t\t\t<div class=\"elementor-gallery-item__overlay\"><\/div>\n\t\t\t\t\t\t\t\t\t\t\t\t\t\t<\/a>\n\t\t\t\t\t\t\t<a class=\"e-gallery-item elementor-gallery-item elementor-animated-content\" href=\"https:\/\/acrj.org.br\/wp-content\/uploads\/2020\/02\/galeria_dsc_1182.jpg\" data-elementor-open-lightbox=\"yes\" data-elementor-lightbox-slideshow=\"5e1d9cf\" data-elementor-lightbox-title=\"galeria_dsc_1182\" data-e-action-hash=\"#elementor-action%3Aaction%3Dlightbox%26settings%3DeyJpZCI6MjA3MSwidXJsIjoiaHR0cHM6XC9cL2Fjcmoub3JnLmJyXC93cC1jb250ZW50XC91cGxvYWRzXC8yMDIwXC8wMlwvZ2FsZXJpYV9kc2NfMTE4Mi5qcGciLCJzbGlkZXNob3ciOiI1ZTFkOWNmIn0%3D\">\n\t\t\t\t\t<div class=\"e-gallery-image elementor-gallery-item__image\" data-thumbnail=\"https:\/\/acrj.org.br\/wp-content\/uploads\/2020\/02\/galeria_dsc_1182-300x223.jpg\" data-width=\"300\" data-height=\"223\" aria-label=\"\" role=\"img\" ><\/div>\n\t\t\t\t\t\t\t\t\t\t\t<div class=\"elementor-gallery-item__overlay\"><\/div>\n\t\t\t\t\t\t\t\t\t\t\t\t\t\t<\/a>\n\t\t\t\t\t\t\t<a class=\"e-gallery-item elementor-gallery-item elementor-animated-content\" href=\"https:\/\/acrj.org.br\/wp-content\/uploads\/2020\/02\/galeria_dsc_1189.jpg\" data-elementor-open-lightbox=\"yes\" data-elementor-lightbox-slideshow=\"5e1d9cf\" data-elementor-lightbox-title=\"galeria_dsc_1189\" data-e-action-hash=\"#elementor-action%3Aaction%3Dlightbox%26settings%3DeyJpZCI6MjA3MiwidXJsIjoiaHR0cHM6XC9cL2Fjcmoub3JnLmJyXC93cC1jb250ZW50XC91cGxvYWRzXC8yMDIwXC8wMlwvZ2FsZXJpYV9kc2NfMTE4OS5qcGciLCJzbGlkZXNob3ciOiI1ZTFkOWNmIn0%3D\">\n\t\t\t\t\t<div class=\"e-gallery-image elementor-gallery-item__image\" data-thumbnail=\"https:\/\/acrj.org.br\/wp-content\/uploads\/2020\/02\/galeria_dsc_1189-300x223.jpg\" data-width=\"300\" data-height=\"223\" aria-label=\"\" role=\"img\" ><\/div>\n\t\t\t\t\t\t\t\t\t\t\t<div class=\"elementor-gallery-item__overlay\"><\/div>\n\t\t\t\t\t\t\t\t\t\t\t\t\t\t<\/a>\n\t\t\t\t\t\t\t<a class=\"e-gallery-item elementor-gallery-item elementor-animated-content\" href=\"https:\/\/acrj.org.br\/wp-content\/uploads\/2020\/02\/galeria_dsc_1232.jpg\" data-elementor-open-lightbox=\"yes\" data-elementor-lightbox-slideshow=\"5e1d9cf\" data-elementor-lightbox-title=\"galeria_dsc_1232\" data-e-action-hash=\"#elementor-action%3Aaction%3Dlightbox%26settings%3DeyJpZCI6MjA3MywidXJsIjoiaHR0cHM6XC9cL2Fjcmoub3JnLmJyXC93cC1jb250ZW50XC91cGxvYWRzXC8yMDIwXC8wMlwvZ2FsZXJpYV9kc2NfMTIzMi5qcGciLCJzbGlkZXNob3ciOiI1ZTFkOWNmIn0%3D\">\n\t\t\t\t\t<div class=\"e-gallery-image elementor-gallery-item__image\" data-thumbnail=\"https:\/\/acrj.org.br\/wp-content\/uploads\/2020\/02\/galeria_dsc_1232-300x223.jpg\" data-width=\"300\" data-height=\"223\" aria-label=\"\" role=\"img\" ><\/div>\n\t\t\t\t\t\t\t\t\t\t\t<div class=\"elementor-gallery-item__overlay\"><\/div>\n\t\t\t\t\t\t\t\t\t\t\t\t\t\t<\/a>\n\t\t\t\t\t<\/div>\n\t\t\t\t\t<\/div>\n\t\t\t\t<\/div>\n\t\t\t\t\t<\/div>\n\t\t<\/div>\n\t\t\t\t\t<\/div>\n\t\t<\/section>\n\t\t\t\t<\/div>\n\t\t","protected":false},"excerpt":{"rendered":"<p>A Presidente da Associa\u00e7\u00e3o Comercial do Rio de Janeiro (ACRJ), Angela Costa, recebeu, nesta sexta-feira, (2\/8), o Procurador-geral de Justi\u00e7a do Minist\u00e9rio P\u00fablico do Rio,&hellip;<\/p>\n","protected":false},"author":1,"featured_media":2065,"comment_status":"closed","ping_status":"open","sticky":false,"template":"","format":"standard","meta":{"_exactmetrics_skip_tracking":false,"_exactmetrics_sitenote_active":false,"_exactmetrics_sitenote_note":"","_exactmetrics_sitenote_category":0,"footnotes":""},"categories":[10],"tags":[],"class_list":["post-2064","post","type-post","status-publish","format-standard","has-post-thumbnail","hentry","category-noticias"],"_links":{"self":[{"href":"https:\/\/acrj.org.br\/index.php\/wp-json\/wp\/v2\/posts\/2064","targetHints":{"allow":["GET"]}}],"collection":[{"href":"https:\/\/acrj.org.br\/index.php\/wp-json\/wp\/v2\/posts"}],"about":[{"href":"https:\/\/acrj.org.br\/index.php\/wp-json\/wp\/v2\/types\/post"}],"author":[{"embeddable":true,"href":"https:\/\/acrj.org.br\/index.php\/wp-json\/wp\/v2\/users\/1"}],"replies":[{"embeddable":true,"href":"https:\/\/acrj.org.br\/index.php\/wp-json\/wp\/v2\/comments?post=2064"}],"version-history":[{"count":0,"href":"https:\/\/acrj.org.br\/index.php\/wp-json\/wp\/v2\/posts\/2064\/revisions"}],"wp:featuredmedia":[{"embeddable":true,"href":"https:\/\/acrj.org.br\/index.php\/wp-json\/wp\/v2\/media\/2065"}],"wp:attachment":[{"href":"https:\/\/acrj.org.br\/index.php\/wp-json\/wp\/v2\/media?parent=2064"}],"wp:term":[{"taxonomy":"category","embeddable":true,"href":"https:\/\/acrj.org.br\/index.php\/wp-json\/wp\/v2\/categories?post=2064"},{"taxonomy":"post_tag","embeddable":true,"href":"https:\/\/acrj.org.br\/index.php\/wp-json\/wp\/v2\/tags?post=2064"}],"curies":[{"name":"wp","href":"https:\/\/api.w.org\/{rel}","templated":true}]}}