{"id":2047,"date":"2019-08-07T11:43:00","date_gmt":"2019-08-07T14:43:00","guid":{"rendered":"http:\/\/acrj2020.profissional.ws\/?p=2047"},"modified":"2020-02-29T11:45:47","modified_gmt":"2020-02-29T14:45:47","slug":"o-presidente-da-petrobras-roberto-castello-branco-participara-de-almoco-do-empresario-na-acrj","status":"publish","type":"post","link":"https:\/\/acrj.org.br\/index.php\/2019\/08\/07\/o-presidente-da-petrobras-roberto-castello-branco-participara-de-almoco-do-empresario-na-acrj\/","title":{"rendered":"O Presidente da Petrobras, Roberto Castello Branco, participar\u00e1 de Almo\u00e7o do Empres\u00e1rio na ACRJ"},"content":{"rendered":"\t\t<div data-elementor-type=\"wp-post\" data-elementor-id=\"2047\" class=\"elementor elementor-2047\" data-elementor-post-type=\"post\">\n\t\t\t\t\t\t<section class=\"elementor-section elementor-top-section elementor-element elementor-element-1f6bf764 elementor-section-boxed elementor-section-height-default elementor-section-height-default\" data-id=\"1f6bf764\" data-element_type=\"section\" data-e-type=\"section\">\n\t\t\t\t\t\t<div class=\"elementor-container elementor-column-gap-default\">\n\t\t\t\t\t<div class=\"elementor-column elementor-col-100 elementor-top-column elementor-element elementor-element-ea25498\" data-id=\"ea25498\" data-element_type=\"column\" data-e-type=\"column\">\n\t\t\t<div class=\"elementor-widget-wrap elementor-element-populated\">\n\t\t\t\t\t\t<div class=\"elementor-element elementor-element-65186812 elementor-widget elementor-widget-text-editor\" data-id=\"65186812\" data-element_type=\"widget\" data-e-type=\"widget\" data-widget_type=\"text-editor.default\">\n\t\t\t\t<div class=\"elementor-widget-container\">\n\t\t\t\t\t\t\t\t\t\n<p>A ACRJ recebe na pr\u00f3xima sexta-feira, 9 de agosto, a partir das 11h30, o Presidente da Petrobras, Roberto Castello Branco, que vai participar do Almo\u00e7o do Empres\u00e1rio. Castello Branco vai fazer uma palestra sobre as perspectivas para o futuro da empresa.<\/p>\n\n\n\n<p>Outras informa\u00e7\u00f5es pelos n\u00fameros (21) 2514-1206, 2514-1268, 2514-1280, ou pelo e-mail eventos@acrj.org.br.<\/p>\n\t\t\t\t\t\t\t\t<\/div>\n\t\t\t\t<\/div>\n\t\t\t\t\t<\/div>\n\t\t<\/div>\n\t\t\t\t\t<\/div>\n\t\t<\/section>\n\t\t\t\t<section class=\"elementor-section elementor-top-section elementor-element elementor-element-e273407 elementor-section-boxed elementor-section-height-default elementor-section-height-default\" data-id=\"e273407\" data-element_type=\"section\" data-e-type=\"section\">\n\t\t\t\t\t\t<div class=\"elementor-container elementor-column-gap-default\">\n\t\t\t\t\t<div class=\"elementor-column elementor-col-100 elementor-top-column elementor-element elementor-element-572d7fb\" data-id=\"572d7fb\" data-element_type=\"column\" data-e-type=\"column\">\n\t\t\t<div class=\"elementor-widget-wrap elementor-element-populated\">\n\t\t\t\t\t\t<div class=\"elementor-element elementor-element-eb7954b elementor-widget elementor-widget-image\" data-id=\"eb7954b\" data-element_type=\"widget\" data-e-type=\"widget\" data-widget_type=\"image.default\">\n\t\t\t\t<div class=\"elementor-widget-container\">\n\t\t\t\t\t\t\t\t\t\t\t\t\t\t\t<img fetchpriority=\"high\" decoding=\"async\" width=\"640\" height=\"157\" src=\"https:\/\/acrj.org.br\/wp-content\/uploads\/2019\/08\/patrocinio-fecomercio-site.jpg\" class=\"attachment-large size-large wp-image-2049\" alt=\"\" srcset=\"https:\/\/acrj.org.br\/wp-content\/uploads\/2019\/08\/patrocinio-fecomercio-site.jpg 640w, https:\/\/acrj.org.br\/wp-content\/uploads\/2019\/08\/patrocinio-fecomercio-site-600x147.jpg 600w, https:\/\/acrj.org.br\/wp-content\/uploads\/2019\/08\/patrocinio-fecomercio-site-300x74.jpg 300w\" sizes=\"(max-width: 640px) 100vw, 640px\" \/>\t\t\t\t\t\t\t\t\t\t\t\t\t\t\t<\/div>\n\t\t\t\t<\/div>\n\t\t\t\t\t<\/div>\n\t\t<\/div>\n\t\t\t\t\t<\/div>\n\t\t<\/section>\n\t\t\t\t<\/div>\n\t\t","protected":false},"excerpt":{"rendered":"<p>A ACRJ recebe na pr\u00f3xima sexta-feira, 9 de agosto, a partir das 11h30, o Presidente da Petrobras, Roberto Castello Branco, que vai participar do Almo\u00e7o&hellip;<\/p>\n","protected":false},"author":1,"featured_media":804,"comment_status":"closed","ping_status":"open","sticky":false,"template":"","format":"standard","meta":{"_exactmetrics_skip_tracking":false,"_exactmetrics_sitenote_active":false,"_exactmetrics_sitenote_note":"","_exactmetrics_sitenote_category":0,"footnotes":""},"categories":[10],"tags":[],"class_list":["post-2047","post","type-post","status-publish","format-standard","has-post-thumbnail","hentry","category-noticias"],"_links":{"self":[{"href":"https:\/\/acrj.org.br\/index.php\/wp-json\/wp\/v2\/posts\/2047","targetHints":{"allow":["GET"]}}],"collection":[{"href":"https:\/\/acrj.org.br\/index.php\/wp-json\/wp\/v2\/posts"}],"about":[{"href":"https:\/\/acrj.org.br\/index.php\/wp-json\/wp\/v2\/types\/post"}],"author":[{"embeddable":true,"href":"https:\/\/acrj.org.br\/index.php\/wp-json\/wp\/v2\/users\/1"}],"replies":[{"embeddable":true,"href":"https:\/\/acrj.org.br\/index.php\/wp-json\/wp\/v2\/comments?post=2047"}],"version-history":[{"count":0,"href":"https:\/\/acrj.org.br\/index.php\/wp-json\/wp\/v2\/posts\/2047\/revisions"}],"wp:featuredmedia":[{"embeddable":true,"href":"https:\/\/acrj.org.br\/index.php\/wp-json\/wp\/v2\/media\/804"}],"wp:attachment":[{"href":"https:\/\/acrj.org.br\/index.php\/wp-json\/wp\/v2\/media?parent=2047"}],"wp:term":[{"taxonomy":"category","embeddable":true,"href":"https:\/\/acrj.org.br\/index.php\/wp-json\/wp\/v2\/categories?post=2047"},{"taxonomy":"post_tag","embeddable":true,"href":"https:\/\/acrj.org.br\/index.php\/wp-json\/wp\/v2\/tags?post=2047"}],"curies":[{"name":"wp","href":"https:\/\/api.w.org\/{rel}","templated":true}]}}