{"id":2044,"date":"2019-08-08T11:41:00","date_gmt":"2019-08-08T14:41:00","guid":{"rendered":"http:\/\/acrj2020.profissional.ws\/?p=2044"},"modified":"2020-02-29T11:42:18","modified_gmt":"2020-02-29T14:42:18","slug":"conselho-superior-se-reune-e-elege-tres-novos-benemeritos","status":"publish","type":"post","link":"https:\/\/acrj.org.br\/index.php\/2019\/08\/08\/conselho-superior-se-reune-e-elege-tres-novos-benemeritos\/","title":{"rendered":"Conselho Superior se re\u00fane e elege tr\u00eas novos Benem\u00e9ritos"},"content":{"rendered":"\n<p>O Conselho Superior da Associa\u00e7\u00e3o Comercial do Rio de Janeiro se reuniu nesta quinta-feira, 8 de agosto, para a elei\u00e7\u00e3o de tr\u00eas novos Benem\u00e9ritos, indicados pela Presidente Angela Costa. S\u00e3o eles: Armando Mariante Carvalho J\u00fanior, atual Vice-Presidente Financeiro; Corintho de Arruda Falc\u00e3o Filho, Diretor Eleito em 2007 at\u00e9 a presente data; e Maria Aguinaga de Moraes, Diretora Eleita em 1989 at\u00e9 a presente data.<\/p>\n\n\n\n<p>Os novos Benem\u00e9ritos do Conselho Superior preenchem as vagas deixadas pelos saudosos companheiros e amigos Mauro Jos\u00e9 Miranda Gandra, Jos\u00e9 Maria Teixeira da Cunha Sobrinho e Oscar Bo\u00ebchat Filho.<\/p>\n","protected":false},"excerpt":{"rendered":"<p>O Conselho Superior da Associa\u00e7\u00e3o Comercial do Rio de Janeiro se reuniu nesta quinta-feira, 8 de agosto, para a elei\u00e7\u00e3o de tr\u00eas novos Benem\u00e9ritos, indicados&hellip;<\/p>\n","protected":false},"author":1,"featured_media":2045,"comment_status":"closed","ping_status":"open","sticky":false,"template":"","format":"standard","meta":{"_exactmetrics_skip_tracking":false,"_exactmetrics_sitenote_active":false,"_exactmetrics_sitenote_note":"","_exactmetrics_sitenote_category":0,"footnotes":""},"categories":[10],"tags":[],"class_list":["post-2044","post","type-post","status-publish","format-standard","has-post-thumbnail","hentry","category-noticias"],"_links":{"self":[{"href":"https:\/\/acrj.org.br\/index.php\/wp-json\/wp\/v2\/posts\/2044","targetHints":{"allow":["GET"]}}],"collection":[{"href":"https:\/\/acrj.org.br\/index.php\/wp-json\/wp\/v2\/posts"}],"about":[{"href":"https:\/\/acrj.org.br\/index.php\/wp-json\/wp\/v2\/types\/post"}],"author":[{"embeddable":true,"href":"https:\/\/acrj.org.br\/index.php\/wp-json\/wp\/v2\/users\/1"}],"replies":[{"embeddable":true,"href":"https:\/\/acrj.org.br\/index.php\/wp-json\/wp\/v2\/comments?post=2044"}],"version-history":[{"count":0,"href":"https:\/\/acrj.org.br\/index.php\/wp-json\/wp\/v2\/posts\/2044\/revisions"}],"wp:featuredmedia":[{"embeddable":true,"href":"https:\/\/acrj.org.br\/index.php\/wp-json\/wp\/v2\/media\/2045"}],"wp:attachment":[{"href":"https:\/\/acrj.org.br\/index.php\/wp-json\/wp\/v2\/media?parent=2044"}],"wp:term":[{"taxonomy":"category","embeddable":true,"href":"https:\/\/acrj.org.br\/index.php\/wp-json\/wp\/v2\/categories?post=2044"},{"taxonomy":"post_tag","embeddable":true,"href":"https:\/\/acrj.org.br\/index.php\/wp-json\/wp\/v2\/tags?post=2044"}],"curies":[{"name":"wp","href":"https:\/\/api.w.org\/{rel}","templated":true}]}}